{"id":9993,"date":"2024-10-23T18:51:54","date_gmt":"2024-10-23T21:51:54","guid":{"rendered":"https:\/\/centroredes.org.ar\/?p=9993"},"modified":"2025-10-21T19:14:26","modified_gmt":"2025-10-21T22:14:26","slug":"problemas-filosoficos","status":"publish","type":"post","link":"https:\/\/centroredes.org.ar\/index.php\/problemas-filosoficos\/","title":{"rendered":"Cuatro problemas filos\u00f3ficos a trav\u00e9s de cuentos de autores argentinos: identidad, espacio\/tiempo, valores morales y realidad."},"content":{"rendered":"<table style=\"height: 178px; width: 91.47%;\" border=\"0\" cellspacing=\"1\" cellpadding=\"1\">\n<tbody>\n<tr style=\"height: 16px;\">\n<td style=\"width: 64.0626%; height: 16px;\"><strong>Docente: <\/strong>\u00a0<a href=\"https:\/\/centroredes.org.ar\/index.php\/rosa-belvedresi\/\" target=\"_blank\" rel=\"noopener\"><strong>Rosa E. Belvedresi<\/strong><\/a><\/p>\n<p><strong>Duraci\u00f3n:<\/strong> Cuatro semanas.<\/p>\n<p><strong>Carga horaria: <\/strong>8 horas (4 encuentros sincr\u00f3nicos de 2 horas de duraci\u00f3n)<\/td>\n<td style=\"width: 1.77137%; height: 16px;\"><\/td>\n<td style=\"width: 41.8652%; height: 16px;\"><a href=\"https:\/\/cursos2.centroredes.org.ar\/course\/view.php?id=230\" target=\"_blank\" rel=\"noopener\"><img loading=\"lazy\" decoding=\"async\" class=\"alignleft\" src=\"http:\/\/www.centroredes.org.ar\/wp-content\/uploads\/2018\/04\/BOTON-INSC-1.png\" alt=\"\" width=\"320\" height=\"90\" \/><\/a><\/td>\n<\/tr>\n<\/tbody>\n<\/table>\n<p><strong>Modalidad:<\/strong> virtual, clases sincr\u00f3nicas<\/p>\n<p style=\"text-align: left;\"><strong>Clases sincr\u00f3nicas:<\/strong> todos los <span style=\"text-decoration: underline;\">jueves de 18:00 a 20:00 hs. (GMT-3)<\/span> &#8211; Primera clase el jueves 23 de octubre de 2025.<\/p>\n<p><strong>Modalidad:<\/strong> virtual, clases sincr\u00f3nicas.<\/p>\n<p style=\"text-align: left;\"><strong>Destinado a: <\/strong>P\u00fablico general interesado en acceder a temas filos\u00f3ficos de relevancia.<\/p>\n<hr \/>\n<p style=\"text-align: center;\"><strong><span style=\"font-size: 14pt;\">Este curso cuenta con el respaldo del <\/span><a href=\"https:\/\/cifnet.org.ar\/\"><span style=\"font-size: 14pt;\">Centro de Investigaciones Filos\u00f3ficas &#8211; CIF<\/span><\/a><\/strong><\/p>\n<hr \/>\n<p><span style=\"font-size: 14pt;\"><strong>Presentaci\u00f3n<\/strong><\/span><\/p>\n<p>La filosof\u00eda no es s\u00f3lo una asignatura de ense\u00f1anza regular, sino tambi\u00e9n una actitud de reflexi\u00f3n y de uso del sentido cr\u00edtico. Como tal, no est\u00e1 separada de las reflexiones que realizamos acerca de nuestra vida, nuestra relaci\u00f3n con las otras personas, nuestro lugar en el mundo y lo que consideramos real, valioso o importante. Es por esta vinculaci\u00f3n estrecha que la filosof\u00eda guarda con nuestras preocupaciones cotidianas que este curso se propone plantear un ingreso a algunos problemas filos\u00f3ficos usando como veh\u00edculo textos breves de autores argentinos.<\/p>\n<p style=\"text-align: justify;\"><strong>Objetivos<\/strong><\/p>\n<p>Este curso propone que los asistentes puedan tener un acercamiento a algunos problemas filos\u00f3ficos a partir de la reflexi\u00f3n suscitada por las lecturas de textos literarios. Se tratar\u00e1 de mostrar que la filosof\u00eda no es una compleja y abstracta teor\u00eda construida sobre supuestos caprichosos. Ella surge de los intentos por resolver variadas cuestiones que nos surgen en la vida cotidiana, frente a las cuales a veces parece que nos quedamos sin palabras.<\/p>\n<p>Finalmente, la elecci\u00f3n de textos de autores argentinos busca profundizar en la lectura de obras breves que hoy ya podemos considerar cl\u00e1sicas, muchas de las cuales han tenido un gran impacto cultural que se ha mantenido por d\u00e9cadas.<\/p>\n<p><strong>Din\u00e1mica del curso<\/strong><\/p>\n<p>El curso se compone de cuatro reuniones de dos horas de duraci\u00f3n, una vez por semana. La metodolog\u00eda de trabajo incluir\u00e1 el comentario y valoraci\u00f3n de los cuentos argentinos seleccionados para abordar filos\u00f3ficamente los temas que tratan. Con el objetivo de enmarcar estos cuentos en la problem\u00e1tica propiamente filos\u00f3fica, en el dictado de las clases se referir\u00e1n p\u00e1rrafos breves de fil\u00f3sofos y filosofas, seleccionados para dar cuenta de los variados contextos te\u00f3ricos dentro de los cuales esas cuestiones han sido abordadas.<\/p>\n<p>Se otorgar\u00e1n certificados de asistencia al curso.<\/p>\n<hr \/>\n<p>&nbsp;<\/p>\n<p><strong>La propuesta tem\u00e1tica y el cronograma de reuniones es el siguiente:<\/strong><\/p>\n<table style=\"height: 171px; width: 90.6726%; border-collapse: collapse;\" border=\"1\">\n<tbody>\n<tr style=\"height: 51px;\">\n<td style=\"width: 18.0148%; text-align: center; background-color: #d6c1c1; height: 51px;\"><strong>\u00a0M\u00d3DULOS<\/strong><\/td>\n<td style=\"width: 83.8098%; text-align: center; background-color: #d6c1c1; height: 51px;\"><strong>CONTENIDOS<\/strong><\/td>\n<\/tr>\n<tr style=\"height: 24px;\">\n<td style=\"width: 18.0148%; height: 24px; text-align: center;\"><strong>Reuni\u00f3n 1<\/strong><\/td>\n<td style=\"width: 83.8098%; height: 24px;\">La identidad personal: \u00bfqui\u00e9nes somos? Discusi\u00f3n sobre c\u00f3mo se constituye nuestro sentido sobre nosotros mismos, la certeza propia y el papel que juegan las otras personas.<\/p>\n<p>Cuentos: Axolotl (Cort\u00e1zar), Las ruinas circulares (Borges)<\/p>\n<p>Selecci\u00f3n de: Descartes, Hume, Arendt, Sartre, Ricoeur.<\/td>\n<\/tr>\n<tr style=\"height: 24px;\">\n<td style=\"width: 18.0148%; height: 24px; text-align: center;\"><strong>Reuni\u00f3n 2<\/strong><\/td>\n<td style=\"width: 83.8098%; height: 24px;\">Espacio y tiempo: \u00bfson dimensiones objetivas o subjetivas? Contar el tiempo y contar con el tiempo. Reflexi\u00f3n sobre las medidas de duraci\u00f3n y distancia.<\/p>\n<p>Cuentos: Una flor amarilla (Cort\u00e1zar), La trama celeste (Bioy Casares)<\/p>\n<p>Selecci\u00f3n de: San Agust\u00edn, Arist\u00f3teles, Kant, Heidegger<\/td>\n<\/tr>\n<tr style=\"height: 24px;\">\n<td style=\"width: 18.0148%; height: 24px; text-align: center;\"><strong>Reuni\u00f3n 3<\/strong><\/td>\n<td style=\"width: 83.8098%; height: 24px;\">Las cuestiones \u00e9ticas y el peso de lo social: \u00bfhay valores universales? La adquisici\u00f3n de la conciencia moral, la influencia del medio social en la \u00e9poca actual. Indagaciones sobre la relaci\u00f3n entre lo bueno y lo conveniente.<\/p>\n<p>Cuentos: El marica (A. Castillo), El \u00faltimo (H. Conti)<\/p>\n<p>Selecci\u00f3n de: Arist\u00f3teles, Bentham, Kant, Gargarella<\/td>\n<\/tr>\n<tr style=\"height: 24px;\">\n<td style=\"width: 18.0148%; height: 24px; text-align: center;\"><strong>Reuni\u00f3n 4<\/strong><\/td>\n<td style=\"width: 83.8098%; height: 24px;\">Lo real: \u00bfexiste el mundo que nos rodea o s\u00f3lo lo so\u00f1amos? La filosof\u00eda y la b\u00fasqueda de lo verdaderamente real. Las apariencias versus la esencia, la discusi\u00f3n hoy en el marco de las redes sociales.<\/p>\n<p>Cuentos: <em>Esse est percipi<\/em> (Bustos Domecq), Los sargazos (A. Gorodischer)<\/p>\n<p>Selecci\u00f3n de: Berkeley, Schopenhauer, Hegel, Han.<\/td>\n<\/tr>\n<\/tbody>\n<\/table>\n<p><span style=\"color: #ffffff;\">.<\/span><\/p>\n<div><span style=\"color: #ffffff;\">.<\/span><\/div>\n<div class=\"tablaProgramas\"><strong>Aranceles: <\/strong><\/div>\n<div><span style=\"color: #ffffff;\">.<\/span><\/div>\n<div class=\"tablaProgramas\">Recuerde inscribirse al curso antes de abonar, esto facilitar\u00e1 la identificaci\u00f3n de su pago<\/div>\n<table style=\"width: 83.9696%; border-collapse: collapse;\" border=\"1\">\n<tbody>\n<tr>\n<td style=\"width: 38.8624%; text-align: center;\"><\/td>\n<td style=\"width: 44.8818%; text-align: center;\"><strong>Aranceles totales y por cuotas.<\/strong><\/td>\n<\/tr>\n<tr>\n<td style=\"width: 38.8624%; text-align: left;\"><strong>Alumnos que realizan el curso desde Argentina.<\/strong><\/td>\n<td style=\"width: 44.8818%; text-align: center;\"><strong>$ 50.000 <\/strong><em>(pesos argentinos)<\/em><\/p>\n<p><em> <img loading=\"lazy\" decoding=\"async\" class=\"alignnone size-full wp-image-345\" src=\"http:\/\/www.centroredes.org.ar\/wp-content\/uploads\/2017\/12\/pagar3.png\" alt=\"\" width=\"142\" height=\"29\" \/><\/em><\/td>\n<\/tr>\n<tr>\n<td style=\"width: 38.8624%; text-align: left;\"><strong>Alumnos que realizan el curso desde otros pa\u00edses.<\/strong><\/td>\n<td style=\"width: 44.8818%; text-align: center;\"><strong>u$s 50 <\/strong><em>(d\u00f3lares estadounidenses)<\/em><\/p>\n<form accept-charset=\"UTF-8\" action=\"https:\/\/gateway.payulatam.com\/ppp-web-gateway\/pb.zul\" method=\"post\" target=\"_blank\"><input alt=\"\" src=\"https:\/\/ecommerce.payulatam.com\/img-secure-2015\/boton_pagar_pequeno.png\" type=\"image\" \/><input name=\"buttonId\" type=\"hidden\" value=\"Wc9FtBbQ4h1E1neY933ZFFlOSArUe7GuCIGnVKZeFx0EEZkqCVppDQ==\" \/><input name=\"merchantId\" type=\"hidden\" value=\"618420\" \/><input name=\"accountId\" type=\"hidden\" value=\"621028\" \/><input name=\"description\" type=\"hidden\" value=\"Cuatro problemas filosoficos RMundo\" \/><input name=\"referenceCode\" type=\"hidden\" value=\"problemas filosofico\" \/><input name=\"amount\" type=\"hidden\" value=\"50.00\" \/><input name=\"tax\" type=\"hidden\" value=\"0.00\" \/><input name=\"taxReturnBase\" type=\"hidden\" value=\"0.00\" \/><input name=\"shipmentValue\" type=\"hidden\" value=\"0.00\" \/><input name=\"currency\" type=\"hidden\" value=\"USD\" \/><input name=\"lng\" type=\"hidden\" value=\"es\" \/><input id=\"urlOrigen\" name=\"sourceUrl\" type=\"hidden\" value=\"\" \/><input name=\"buttonType\" type=\"hidden\" value=\"SIMPLE\" \/><input name=\"signature\" type=\"hidden\" value=\"7240d61675210919ee92011738b20928fd09cf526949cd26605316302ab90b58\" \/><\/form>\n<\/td>\n<\/tr>\n<\/tbody>\n<\/table>\n<p>El arancel que corresponde abonar depende del lugar desde donde el alumno se conectar\u00e1 para hacer el curso (no depende de la nacionalidad y\/o de la residencia del alumno). Si se trata de una conexi\u00f3n local, desde Argentina, debe abonar el arancel expresado en pesos argentinos, en caso de ser una conexi\u00f3n desde otro pa\u00eds corresponde el otro arancel.<\/p>\n<p>&nbsp;<\/p>\n<p><strong>Pasos para realizar la inscripci\u00f3n:<\/strong><\/p>\n<p>* Si es la primera vez que haces un curso en la plataforma virtual del Centro REDES, antes de inscribirte el sistema solicitar\u00e1 que te registres para obtener un usuario y contrase\u00f1a. Si ya posees usuario y contrase\u00f1a no ser\u00e1 necesario este paso.<\/p>\n<p>* Completar el formulario de inscripci\u00f3n.<\/p>\n<p>* Abonar desde los botones de pago que se encuentran m\u00e1s arriba en esta web. El sistema de pago permite diferentes opciones para abonar el arancel en Argentina (tarjetas de cr\u00e9dito, Pago F\u00e1cil, Rapipago y\/o red Link). Para cancelar los pagos desde otros pa\u00edses se pueden utilizar distintas tarjetas de cr\u00e9dito.<\/p>\n<p style=\"text-align: center;\"><span style=\"font-size: 8pt; color: #ffffff;\">problemas filos\u00f3ficos problemas filos\u00f3ficos problemas filos\u00f3ficos problemas filos\u00f3ficos problemas filos\u00f3ficos problemas filos\u00f3ficos problemas filos\u00f3ficos problemas filos\u00f3ficos problemas filos\u00f3ficos problemas filos\u00f3ficos<\/span><\/p>\n<p><strong>Ver formas de pago <a href=\"http:\/\/www.centroredes.org.ar\/index.php\/cursos\/formas-de-pago\/\">aqu\u00ed<\/a>.\u00a0<\/strong><br \/>\n<strong>M\u00e1s informaci\u00f3n y contacto<\/strong><br \/>\n<strong><a href=\"mailto:cursos@centroredes.org.ar\"><u>cursos@centroredes.org.ar<\/u><\/a><\/strong><\/p>\n","protected":false},"excerpt":{"rendered":"<p>Docente: \u00a0Rosa E. Belvedresi Duraci\u00f3n: Cuatro semanas. Carga horaria: 8 horas (4 encuentros sincr\u00f3nicos de 2 horas de duraci\u00f3n) Modalidad: &hellip; <\/p>\n","protected":false},"author":2,"featured_media":9999,"comment_status":"closed","ping_status":"open","sticky":false,"template":"","format":"standard","meta":{"_acf_changed":false,"_uag_custom_page_level_css":"","footnotes":""},"categories":[123],"tags":[127],"class_list":["post-9993","post","type-post","status-publish","format-standard","has-post-thumbnail","hentry","category-2025s2","tag-2025s2"],"acf":[],"uagb_featured_image_src":{"full":["https:\/\/centroredes.org.ar\/wp-content\/uploads\/2024\/10\/Imagen-Curso-Belvedresi-v2.jpg",800,592,false],"thumbnail":["https:\/\/centroredes.org.ar\/wp-content\/uploads\/2024\/10\/Imagen-Curso-Belvedresi-v2-150x150.jpg",150,150,true],"medium":["https:\/\/centroredes.org.ar\/wp-content\/uploads\/2024\/10\/Imagen-Curso-Belvedresi-v2-300x222.jpg",300,222,true],"medium_large":["https:\/\/centroredes.org.ar\/wp-content\/uploads\/2024\/10\/Imagen-Curso-Belvedresi-v2-768x568.jpg",750,555,true],"large":["https:\/\/centroredes.org.ar\/wp-content\/uploads\/2024\/10\/Imagen-Curso-Belvedresi-v2.jpg",750,555,false],"tf-client-image-size":["https:\/\/centroredes.org.ar\/wp-content\/uploads\/2024\/10\/Imagen-Curso-Belvedresi-v2.jpg",120,89,false],"1536x1536":["https:\/\/centroredes.org.ar\/wp-content\/uploads\/2024\/10\/Imagen-Curso-Belvedresi-v2.jpg",800,592,false],"2048x2048":["https:\/\/centroredes.org.ar\/wp-content\/uploads\/2024\/10\/Imagen-Curso-Belvedresi-v2.jpg",800,592,false],"trp-custom-language-flag":["https:\/\/centroredes.org.ar\/wp-content\/uploads\/2024\/10\/Imagen-Curso-Belvedresi-v2-16x12.jpg",16,12,true],"widget-thumbnail":["https:\/\/centroredes.org.ar\/wp-content\/uploads\/2024\/10\/Imagen-Curso-Belvedresi-v2.jpg",75,56,false],"education-zone-banner":["https:\/\/centroredes.org.ar\/wp-content\/uploads\/2024\/10\/Imagen-Curso-Belvedresi-v2.jpg",800,592,false],"education-zone-image-full":["https:\/\/centroredes.org.ar\/wp-content\/uploads\/2024\/10\/Imagen-Curso-Belvedresi-v2-800x458.jpg",800,458,true],"education-zone-image":["https:\/\/centroredes.org.ar\/wp-content\/uploads\/2024\/10\/Imagen-Curso-Belvedresi-v2-750x458.jpg",750,458,true],"education-zone-recent-post":["https:\/\/centroredes.org.ar\/wp-content\/uploads\/2024\/10\/Imagen-Curso-Belvedresi-v2-70x70.jpg",70,70,true],"education-zone-search-result":["https:\/\/centroredes.org.ar\/wp-content\/uploads\/2024\/10\/Imagen-Curso-Belvedresi-v2-246x246.jpg",246,246,true],"education-zone-featured-course":["https:\/\/centroredes.org.ar\/wp-content\/uploads\/2024\/10\/Imagen-Curso-Belvedresi-v2-276x276.jpg",276,276,true],"education-zone-testimonial":["https:\/\/centroredes.org.ar\/wp-content\/uploads\/2024\/10\/Imagen-Curso-Belvedresi-v2-125x125.jpg",125,125,true],"education-zone-blog-full":["https:\/\/centroredes.org.ar\/wp-content\/uploads\/2024\/10\/Imagen-Curso-Belvedresi-v2-800x480.jpg",800,480,true],"sow-carousel-default":["https:\/\/centroredes.org.ar\/wp-content\/uploads\/2024\/10\/Imagen-Curso-Belvedresi-v2-272x182.jpg",272,182,true]},"uagb_author_info":{"display_name":"Jorge Atrio","author_link":"https:\/\/centroredes.org.ar\/index.php\/author\/centro-redes\/"},"uagb_comment_info":0,"uagb_excerpt":"Docente: \u00a0Rosa E. Belvedresi Duraci\u00f3n: Cuatro semanas. Carga horaria: 8 horas (4 encuentros sincr\u00f3nicos de 2 horas de duraci\u00f3n) Modalidad: &hellip;","rttpg_featured_image_url":{"full":["https:\/\/centroredes.org.ar\/wp-content\/uploads\/2024\/10\/Imagen-Curso-Belvedresi-v2.jpg",800,592,false],"landscape":["https:\/\/centroredes.org.ar\/wp-content\/uploads\/2024\/10\/Imagen-Curso-Belvedresi-v2.jpg",800,592,false],"portraits":["https:\/\/centroredes.org.ar\/wp-content\/uploads\/2024\/10\/Imagen-Curso-Belvedresi-v2.jpg",800,592,false],"thumbnail":["https:\/\/centroredes.org.ar\/wp-content\/uploads\/2024\/10\/Imagen-Curso-Belvedresi-v2-150x150.jpg",150,150,true],"medium":["https:\/\/centroredes.org.ar\/wp-content\/uploads\/2024\/10\/Imagen-Curso-Belvedresi-v2-300x222.jpg",300,222,true],"large":["https:\/\/centroredes.org.ar\/wp-content\/uploads\/2024\/10\/Imagen-Curso-Belvedresi-v2.jpg",750,555,false],"tf-client-image-size":["https:\/\/centroredes.org.ar\/wp-content\/uploads\/2024\/10\/Imagen-Curso-Belvedresi-v2.jpg",120,89,false],"1536x1536":["https:\/\/centroredes.org.ar\/wp-content\/uploads\/2024\/10\/Imagen-Curso-Belvedresi-v2.jpg",800,592,false],"2048x2048":["https:\/\/centroredes.org.ar\/wp-content\/uploads\/2024\/10\/Imagen-Curso-Belvedresi-v2.jpg",800,592,false],"trp-custom-language-flag":["https:\/\/centroredes.org.ar\/wp-content\/uploads\/2024\/10\/Imagen-Curso-Belvedresi-v2-16x12.jpg",16,12,true],"widget-thumbnail":["https:\/\/centroredes.org.ar\/wp-content\/uploads\/2024\/10\/Imagen-Curso-Belvedresi-v2.jpg",75,56,false],"education-zone-banner":["https:\/\/centroredes.org.ar\/wp-content\/uploads\/2024\/10\/Imagen-Curso-Belvedresi-v2.jpg",800,592,false],"education-zone-image-full":["https:\/\/centroredes.org.ar\/wp-content\/uploads\/2024\/10\/Imagen-Curso-Belvedresi-v2-800x458.jpg",800,458,true],"education-zone-image":["https:\/\/centroredes.org.ar\/wp-content\/uploads\/2024\/10\/Imagen-Curso-Belvedresi-v2-750x458.jpg",750,458,true],"education-zone-recent-post":["https:\/\/centroredes.org.ar\/wp-content\/uploads\/2024\/10\/Imagen-Curso-Belvedresi-v2-70x70.jpg",70,70,true],"education-zone-search-result":["https:\/\/centroredes.org.ar\/wp-content\/uploads\/2024\/10\/Imagen-Curso-Belvedresi-v2-246x246.jpg",246,246,true],"education-zone-featured-course":["https:\/\/centroredes.org.ar\/wp-content\/uploads\/2024\/10\/Imagen-Curso-Belvedresi-v2-276x276.jpg",276,276,true],"education-zone-testimonial":["https:\/\/centroredes.org.ar\/wp-content\/uploads\/2024\/10\/Imagen-Curso-Belvedresi-v2-125x125.jpg",125,125,true],"education-zone-blog-full":["https:\/\/centroredes.org.ar\/wp-content\/uploads\/2024\/10\/Imagen-Curso-Belvedresi-v2-800x480.jpg",800,480,true],"sow-carousel-default":["https:\/\/centroredes.org.ar\/wp-content\/uploads\/2024\/10\/Imagen-Curso-Belvedresi-v2-272x182.jpg",272,182,true]},"rttpg_author":{"display_name":"Jorge Atrio","author_link":"https:\/\/centroredes.org.ar\/index.php\/author\/centro-redes\/"},"rttpg_comment":0,"rttpg_category":"<a href=\"https:\/\/centroredes.org.ar\/index.php\/category\/2025s2\/\" rel=\"category tag\">2025 Semestre 2<\/a>","rttpg_excerpt":"Docente: \u00a0Rosa E. Belvedresi Duraci\u00f3n: Cuatro semanas. Carga horaria: 8 horas (4 encuentros sincr\u00f3nicos de 2 horas de duraci\u00f3n) Modalidad: &hellip;","_links":{"self":[{"href":"https:\/\/centroredes.org.ar\/index.php\/wp-json\/wp\/v2\/posts\/9993","targetHints":{"allow":["GET"]}}],"collection":[{"href":"https:\/\/centroredes.org.ar\/index.php\/wp-json\/wp\/v2\/posts"}],"about":[{"href":"https:\/\/centroredes.org.ar\/index.php\/wp-json\/wp\/v2\/types\/post"}],"author":[{"embeddable":true,"href":"https:\/\/centroredes.org.ar\/index.php\/wp-json\/wp\/v2\/users\/2"}],"replies":[{"embeddable":true,"href":"https:\/\/centroredes.org.ar\/index.php\/wp-json\/wp\/v2\/comments?post=9993"}],"version-history":[{"count":11,"href":"https:\/\/centroredes.org.ar\/index.php\/wp-json\/wp\/v2\/posts\/9993\/revisions"}],"predecessor-version":[{"id":10061,"href":"https:\/\/centroredes.org.ar\/index.php\/wp-json\/wp\/v2\/posts\/9993\/revisions\/10061"}],"wp:featuredmedia":[{"embeddable":true,"href":"https:\/\/centroredes.org.ar\/index.php\/wp-json\/wp\/v2\/media\/9999"}],"wp:attachment":[{"href":"https:\/\/centroredes.org.ar\/index.php\/wp-json\/wp\/v2\/media?parent=9993"}],"wp:term":[{"taxonomy":"category","embeddable":true,"href":"https:\/\/centroredes.org.ar\/index.php\/wp-json\/wp\/v2\/categories?post=9993"},{"taxonomy":"post_tag","embeddable":true,"href":"https:\/\/centroredes.org.ar\/index.php\/wp-json\/wp\/v2\/tags?post=9993"}],"curies":[{"name":"wp","href":"https:\/\/api.w.org\/{rel}","templated":true}]}}