{"id":9432,"date":"2023-01-10T23:05:56","date_gmt":"2023-01-11T02:05:56","guid":{"rendered":"https:\/\/centroredes.org.ar\/?p=9432"},"modified":"2025-11-14T13:45:21","modified_gmt":"2025-11-14T16:45:21","slug":"balance-de-energia","status":"publish","type":"post","link":"https:\/\/centroredes.org.ar\/index.php\/balance-de-energia\/","title":{"rendered":"Balance de Energ\u00eda en los edificios. M\u00e9todos de c\u00e1lculo."},"content":{"rendered":"<p><a href=\"https:\/\/cursos2.centroredes.org.ar\/course\/view.php?id=174\" target=\"_blank\" rel=\"noopener\"><img loading=\"lazy\" decoding=\"async\" class=\"alignright\" src=\"http:\/\/www.centroredes.org.ar\/wp-content\/uploads\/2018\/04\/BOTON-INSC-1.png\" alt=\"\" width=\"276\" height=\"78\" \/><\/a><b>Docentes a cargo: <\/b><\/p>\n<ul style=\"list-style-type: circle;\">\n<li><b><a href=\"https:\/\/centroredes.org.ar\/index.php\/maria-belen-birche\/\">Ing. Mar\u00eda Bel\u00e9n Birche<\/a><\/b><\/li>\n<li><b><a href=\"https:\/\/centroredes.org.ar\/index.php\/alba-ramos-sans\/\">Dra. Alba Ramos Sanz <\/a><\/b><\/li>\n<\/ul>\n<p><b>Duraci\u00f3n: <\/b>cont\u00e1s con <b>seis (6)<\/b> <strong>meses<\/strong> para <strong>hacerlo a tu ritmo<\/strong>.<\/p>\n<p><strong>Tiempo de aprendizaje:<\/strong> se estima que en <b>seis (6)<\/b> semanas, con una dedicaci\u00f3n de 8hs.<br \/>\n<span style=\"color: #ffffff;\">&#8230;&#8230;&#8230;&#8230;&#8230;&#8230;&#8230;&#8230;&#8230;&#8230;&#8230;&#8230;&#8230;&#8230;..<\/span>semanales, pod\u00e9s alcanzar los objetivos que propone este curso.<\/p>\n<p><b>Carga horaria del curso:<\/b> 48 horas &#8211; 8hs. semanales.<\/p>\n<p><strong>Modalidad:<\/strong> Virtual asincr\u00f3nica, con evaluaci\u00f3n y apoyo docente permanente.<\/p>\n<hr \/>\n<p style=\"text-align: center;\"><span style=\"font-size: 18pt;\"><strong><span style=\"color: #800000;\">Inscribite y comenz\u00e1 AHORA<\/span><\/strong><\/span><\/p>\n<p style=\"text-align: center;\"><strong><span style=\"color: #800000; font-size: 14pt;\">Manej\u00e1 los tiempos de tu capacitaci\u00f3n durante seis meses completos<\/span><\/strong><\/p>\n<p style=\"text-align: center;\"><span style=\"color: #800000;\"><em>-Dentro de las 24hs. de abonada la matr\u00edcula tendr\u00e1s acceso a los contenidos y foros de consulta-<\/em><\/span><\/p>\n<hr \/>\n<p style=\"text-align: right;\">\n<p>El curso titulado \u201cC\u00e1lculo de transmitancia t\u00e9rmica, coeficiente global de ganancias\/p\u00e9rdidas y riesgo de condensaci\u00f3n seg\u00fan normas IRAM\u201d se propone como segundo curso dentro del \u00c1rea de Estudios Urbanos y Edilicios, en la propuesta \u201cEficiencia energ\u00e9tica y sostenibilidad en edificios y ciudades.\u201d El curso se desarrolla durante 6 semanas con un total de 30 horas de cursada te\u00f3rico pr\u00e1ctica de manera asincr\u00f3nica. Habr\u00e1 cuatro trabajos pr\u00e1cticos optativos que juntos forman el trabajo final obligatorio para la obtenci\u00f3n del certificado.<\/p>\n<p>&nbsp;<\/p>\n<p><b>Descripci\u00f3n del curso <\/b><\/p>\n<p>En nuestro pa\u00eds resulta similar la forma de materializar edificios a pesar de la gran variedad de climas que posee. A medida que avanz\u00f3 la industria del vidrio y de los metales no ferrosos fue creciendo su uso que junto al hormig\u00f3n armado y al ladrillo hueco cocido pr\u00e1cticamente monopolizan las edificaciones. No se suele considerar la variable clim\u00e1tica, ni la calidad de la envolvente edilicia. Se propone un modo casi homog\u00e9neo de construcci\u00f3n con un uso variable de energ\u00eda en climatizaci\u00f3n.<br \/>\nEl cuadro antes descrito se\u00f1ala una alta ineficiencia energ\u00e9tica de los edificios que implica una excesiva demanda energ\u00e9tica por m2 habitable o km2 urbanizado. Estas pr\u00e1cticas tienen impactos negativos en la econom\u00eda de los usuarios y de los pa\u00edses, en la salud y confort de los usuarios, adem\u00e1s de los conocidos impactos ambientales derivados del uso de energ\u00eda de fuente mayoritariamente f\u00f3sil.<br \/>\nLas Normas IRAM proponen m\u00e9todos de c\u00e1lculo para evaluar la envolvente edilicia y establecer valores m\u00ednimos admisibles de calidad. Este curso propone desarrollar los conceptos necesarios para comprender y conocer los m\u00e9todos de c\u00e1lculo de las normas IRAM y as\u00ed avanzar en el mejoramiento de las pr\u00e1cticas constructivas nacionales.<\/p>\n<table style=\"border-collapse: collapse; width: 99.914%; height: 323px;\">\n<tbody>\n<tr style=\"height: 465px;\">\n<td style=\"width: 62.6867%; text-align: center; height: 323px;\">\n<p style=\"text-align: left;\"><strong>Objetivos<\/strong><\/p>\n<p style=\"text-align: left;\">Desarrollar los conceptos necesarios para comprender y conocer los siguiente m\u00e9todos de c\u00e1lculo seg\u00fan normas IRAM:<\/p>\n<p style=\"text-align: left;\">&#8211; M\u00e9todo de c\u00e1lculo del coeficiente de transmitancia t\u00e9rmica de cada elemento de la envolvente.<\/p>\n<p>&#8211; M\u00e9todo de c\u00e1lculo de los coeficientes globales de ganancias y p\u00e9rdidas t\u00e9rmicas<\/p>\n<p>&#8211; M\u00e9todo de c\u00e1lculo del riesgo de condensaci\u00f3n en cada elemento de la envolvente.<\/p>\n<p style=\"text-align: left;\">Evaluar el cumplimiento de las normas IRAM en un caso de estudio.<br \/>\nCalcular demandas de energ\u00eda mensuales de un edificio mediante m\u00e9todo est\u00e1tico.<\/p>\n<p>&nbsp;<\/p>\n<p style=\"text-align: left;\"><strong>P\u00fablico al que est\u00e1 orientado<\/strong><\/p>\n<p style=\"text-align: left;\">T\u00e9cnicos, profesionales de las diferentes \u00e1reas de la construcci\u00f3n que deseen profundizar en el dise\u00f1o de edificios sustentables y energ\u00e9ticamente eficientes. Estudiantes de carreras afines, como arquitectura, ingenier\u00eda, etc. P\u00fablico general que desee adquirir nociones sobre los fundamentos sobre construcci\u00f3n eficiente.<\/p>\n<\/td>\n<td style=\"width: 47.3364%; height: 323px;\"><a href=\"https:\/\/centroredes.org.ar\/wp-content\/uploads\/2025\/05\/images-1.jpg\"><img loading=\"lazy\" decoding=\"async\" class=\"aligncenter wp-image-9435\" src=\"https:\/\/centroredes.org.ar\/wp-content\/uploads\/2025\/05\/images-1.jpg\" alt=\"\" width=\"329\" height=\"561\" srcset=\"https:\/\/centroredes.org.ar\/wp-content\/uploads\/2025\/05\/images-1.jpg 172w, https:\/\/centroredes.org.ar\/wp-content\/uploads\/2025\/05\/images-1-7x12.jpg 7w\" sizes=\"auto, (max-width: 329px) 100vw, 329px\" \/><\/a><\/td>\n<\/tr>\n<\/tbody>\n<\/table>\n<p><strong>Requerimientos previos<\/strong><\/p>\n<p>Manejo b\u00e1sico de Excel y Word. Manejo b\u00e1sico de matem\u00e1tica. Se sugiere la realizaci\u00f3n del curso de Par\u00e1metros de Confort en Edificios previo a la realizaci\u00f3n del presente curso.<\/p>\n<p><strong>Evaluaci\u00f3n<\/strong><\/p>\n<p>Habr\u00e1 cuatro trabajos pr\u00e1cticos optativos que juntos forman el trabajo final obligatorio para la obtenci\u00f3n del certificado de aprobaci\u00f3n.<\/p>\n<hr \/>\n<p><strong>Programa del curso<\/strong><\/p>\n<table style=\"height: 234px; width: 81.1331%;\">\n<tbody>\n<tr style=\"height: 42px;\">\n<td style=\"text-align: center; height: 10px; width: 27.6912%;\">\n<p style=\"text-align: center;\"><span style=\"font-family: georgia, palatino, serif;\"><u><strong>MODULO 1 <\/strong><\/u><\/span><\/p>\n<p><strong>\u00a0Transmitancia t\u00e9rmica<\/strong><\/td>\n<td style=\"height: 10px; width: 71.3472%; text-align: left;\"><strong>Clase 1<\/strong><\/p>\n<p>Introducci\u00f3n: M\u00e9todos de c\u00e1lculo de demanda de energ\u00eda (est\u00e1tico y din\u00e1mico). Propiedades f\u00edsicas de los materiales. Aislaci\u00f3n e inercia t\u00e9rmica. Materiales aislantes y conductivos. Tipos de aislantes. Fuentes de datos para conductividad y otras variables de inter\u00e9s.<\/p>\n<p>Coeficiente de transmitancia t\u00e9rmica K. Normas involucradas. K admisible seg\u00fan IRAM para los distintos niveles de confort y ubicaciones del pa\u00eds. Presentaci\u00f3n de la planilla de c\u00e1lculo \u201cCoeficiente de transmitancia t\u00e9rmica K\u201d. Verificaci\u00f3n del cumplimiento de las normas IRAM.<\/p>\n<p><strong>Clase 2<\/strong><\/p>\n<p>Ejemplo de c\u00e1lculo de K para muros, cubiertas, ventanas y pisos.<\/p>\n<p>Desarrollo del Trabajo pr\u00e1ctico 1. Selecci\u00f3n del proyecto en estudio. Ubicaci\u00f3n, orientaci\u00f3n, planta y corte. Descripci\u00f3n de los sistemas constructivos del proyecto en su versi\u00f3n original y mejorada. Espesores y conductividad de cada material. C\u00e1lculo de K de todos los elementos de la envolvente. Consultas v\u00eda mail.<\/td>\n<\/tr>\n<tr style=\"height: 115px;\">\n<td style=\"height: 115px; width: 27.6912%;\">\n<p align=\"center\"><u><strong>MODULO 2<\/strong><\/u><\/p>\n<p align=\"center\"><strong>\u00a0Balance t\u00e9rmico de invierno<\/strong><\/p>\n<\/td>\n<td style=\"text-align: left; height: 115px; width: 71.3472%;\"><strong>Clase 3<\/strong><\/p>\n<p>Blance t\u00e9rmico de invierno. Normas involucradas. Energ\u00eda y potencia. P\u00e9rdidas de calor. Renovaciones de aire e infiltraci\u00f3n. Coeficiente volum\u00e9trico de p\u00e9rdidas de calor globales Gc. Demanda de energ\u00eda de calefacci\u00f3n mensual. Verificaci\u00f3n del cumplimiento de las normas IRAM.<\/p>\n<p>Presentaci\u00f3n de la planilla de c\u00e1lculo \u201cCoeficiente global de ganancias y p\u00e9rdidas\u201d para calefacci\u00f3n.<\/p>\n<p><strong>Clase 4<\/strong><\/p>\n<p>Ejemplo de c\u00e1lculo de Gc. C\u00e1lculo de la demanda de energ\u00eda de calefacci\u00f3n mensual. Obtenci\u00f3n de resultados y presentaci\u00f3n en gr\u00e1ficos.<\/p>\n<p>Desarrollo del Trabajo pr\u00e1ctico 2. C\u00e1lculo de Gc para el proyecto en su versi\u00f3n original y mejorada. C\u00e1lculo de la demanda de energ\u00eda de calefacci\u00f3n mensual para el proyecto en su versi\u00f3n original y mejorada. Presentaci\u00f3n de resultados. Consultas v\u00eda mail.<\/td>\n<\/tr>\n<tr style=\"height: 115px;\">\n<td style=\"height: 115px; width: 27.6912%;\">\n<p align=\"center\"><u><strong>MODULO 3<\/strong><\/u><\/p>\n<p align=\"center\"><strong> Balance t\u00e9rmico de verano<\/strong><\/p>\n<\/td>\n<td style=\"text-align: left; height: 115px; width: 71.3472%;\"><strong>Clase 5<\/strong><\/p>\n<p>Balance t\u00e9rmico de verano. Normas involucradas. Ganancias de calor. Fuentes internas y externas. Coeficiente volum\u00e9trico de refrigeraci\u00f3n Gr. Demanda de energ\u00eda de refrigeraci\u00f3n mensual. Verificaci\u00f3n del cumplimiento de las normas IRAM.<\/p>\n<p>Presentaci\u00f3n de la planilla de c\u00e1lculo \u201cCoeficiente global de ganancias y p\u00e9rdidas\u201d para refrigeraci\u00f3n.<\/p>\n<p><strong>Clase 6<\/strong><\/p>\n<p>Ejemplo de c\u00e1lculo de Gr. C\u00e1lculo de la demanda de energ\u00eda de refrigeraci\u00f3n mensual. Obtenci\u00f3n de resultados y presentaci\u00f3n en gr\u00e1ficos.<\/p>\n<p>Desarrollo del Trabajo pr\u00e1ctico 3. C\u00e1lculo de Gr para el proyecto en su versi\u00f3n original y mejorada. C\u00e1lculo de la demanda de energ\u00eda de refrigeraci\u00f3n mensual para el proyecto en su versi\u00f3n original y mejorada. Presentaci\u00f3n de resultados. Consultas v\u00eda mail.<\/td>\n<\/tr>\n<tr style=\"height: 80px;\">\n<td style=\"height: 109px; width: 27.6912%;\">\n<p style=\"text-align: center;\"><span style=\"font-family: georgia, palatino, serif;\"><u><strong>MODULO 4<\/strong><\/u><\/span><\/p>\n<p style=\"text-align: center;\"><strong>\u00a0Riesgo de condensanci\u00f3n<\/strong><\/p>\n<\/td>\n<td style=\"height: 109px; width: 71.3472%; text-align: left;\"><strong>Clase 7<\/strong><\/p>\n<p>Riesgo de condensaci\u00f3n. Normas involucradas. Barrera de vapor. Temperatura del punto de roc\u00edo. Muros aislados y muros respirables. Gr\u00e1fico de temperaturas en la secci\u00f3n del muro.<\/p>\n<p>Presentaci\u00f3n de la planilla de c\u00e1lculo \u201cRiesgo de condensaci\u00f3n\u201d. Uso de calculadora psicrom\u00e9trica.<\/p>\n<p><strong>Clase 8<\/strong><\/p>\n<p>Ejemplo de c\u00e1lculo del riesgo de condensaci\u00f3n para diferentes componentes de la envolvente.<\/p>\n<p>Desarrollo del Trabajo pr\u00e1ctico 4. C\u00e1lculo del riesgo de condensaci\u00f3n para elementos de la envolvente. Presentaci\u00f3n de resultados. Consultas v\u00eda mail.<\/td>\n<\/tr>\n<tr style=\"height: 80px;\">\n<td style=\"height: 109px; width: 27.6912%;\">\n<p style=\"text-align: center;\">\n<\/td>\n<td style=\"height: 109px; width: 71.3472%; text-align: left;\">\n<ul>\n<li>Tiempo para realizar ajustes en el trabajo final.<\/li>\n<li>Entrega del trabajo final.<\/li>\n<\/ul>\n<\/td>\n<\/tr>\n<tr style=\"height: 80px;\">\n<td style=\"height: 109px; width: 27.6912%;\">\n<p style=\"text-align: center;\">\n<\/td>\n<td style=\"height: 109px; width: 71.3472%; text-align: left;\">\n<ul>\n<li>Devoluci\u00f3n del trabajo final. Entrega de notas.<\/li>\n<\/ul>\n<\/td>\n<\/tr>\n<\/tbody>\n<\/table>\n<p><strong>Acreditaci\u00f3n:<\/strong><\/p>\n<p>El Centro REDES emite certificados por PARTICIPACI\u00d3N (asistencia) para quienes as\u00ed lo ameriten y, opcionalmente, de APROBACI\u00d3N con evaluaci\u00f3n num\u00e9rica. Estos \u00faltimos requieren la presentaci\u00f3n de un Proyecto Personal sobre un tema a elecci\u00f3n del participante.<\/p>\n<p><a href=\"http:\/\/www.centroredes.org.ar\/index.php\/cursos\/certificados-cursos-regulares#texto-certificado\">Caracter\u00edsticas de los certificados.<\/a><\/p>\n<div class=\"tablaProgramas\" style=\"padding: 10px;\">\n<div class=\"tablaProgramas\">\n<p><strong><span style=\"color: #000000; font-size: 14pt;\">Aranceles:<\/span><br \/>\n<\/strong><\/p>\n<p><span style=\"color: #993300;\">Recuerde inscribirse al curso antes de abonar, esto facilitar\u00e1 la identificaci\u00f3n de su pago.<\/span><\/p>\n<\/div>\n<\/div>\n<table style=\"width: 84.7483%; border-collapse: collapse;\" border=\"1\">\n<tbody>\n<tr>\n<td style=\"width: 27.6602%; border-color: #0a0808;\"><\/td>\n<td style=\"width: 59.6608%; border-color: #0a0808; text-align: center;\"><strong>Aranceles<\/strong><\/td>\n<\/tr>\n<tr>\n<td style=\"width: 27.6602%; border-color: #0a0808;\"><strong>Alumnos que realizan el curso desde Argentina<\/strong><\/td>\n<td style=\"width: 59.6608%; height: 156px; border-color: #0a0808; text-align: center;\"><span style=\"font-size: 14pt;\">\u00a0<strong>$79.200 (pesos argentinos)<br \/>\n<\/strong><\/span><a href=\"https:\/\/mpago.la\/1YWguie\" target=\"_blank\" rel=\"noopener\"><span style=\"font-size: 14pt;\"><em><img loading=\"lazy\" decoding=\"async\" class=\"alignnone size-full wp-image-345\" src=\"http:\/\/www.centroredes.org.ar\/wp-content\/uploads\/2017\/12\/pagar3.png\" alt=\"\" width=\"142\" height=\"29\" \/><\/em><\/span><\/a><\/td>\n<\/tr>\n<tr>\n<td style=\"width: 27.6602%; border-color: #0a0808;\"><strong>Alumnos que realizan el curso desde otros pa\u00edses<\/strong><\/td>\n<td style=\"width: 59.6608%; height: 125.65px; border-color: #0a0808; text-align: center;\"><span style=\"font-size: 14pt;\"><strong>u$s 117 (d\u00f3lares estadounidenses)<\/strong><\/span><br \/>\n<a href=\"https:\/\/www.paypal.com\/ncp\/payment\/UQU586YMNY6BE\" target=\"_blank\" rel=\"noopener\"><span style=\"font-size: 14pt;\"><em><img loading=\"lazy\" decoding=\"async\" class=\"alignnone size-full wp-image-345\" src=\"http:\/\/www.centroredes.org.ar\/wp-content\/uploads\/2017\/12\/pagar3.png\" alt=\"\" width=\"142\" height=\"29\" \/><\/em><\/span><\/a><\/td>\n<\/tr>\n<\/tbody>\n<\/table>\n<p>El arancel que corresponde abonar depende del lugar desde donde el alumno se conectar\u00e1 para hacer el curso (no depende de la nacionalidad y\/o de la residencia del alumno). Si se trata de una conexi\u00f3n local, desde Argentina, debe abonar el arancel expresado en pesos argentinos, en caso de ser una conexi\u00f3n desde otro pa\u00eds corresponde el otro arancel.<\/p>\n<p>&nbsp;<\/p>\n<p><strong>Pasos para realizar la inscripci\u00f3n:<\/strong><\/p>\n<p>* Si es la primera vez que haces un curso en la plataforma virtual del Centro REDES, antes de inscribirte el sistema solicitar\u00e1 que te registres para obtener un usuario y contrase\u00f1a. Si ya posees usuario y contrase\u00f1a no ser\u00e1 necesario este paso.<br \/>\n* Completar el formulario de inscripci\u00f3n.<br \/>\n* Abonar desde los botones de pago que se encuentran m\u00e1s arriba en esta web <img loading=\"lazy\" decoding=\"async\" class=\"alignnone wp-image-345\" src=\"http:\/\/www.centroredes.org.ar\/wp-content\/uploads\/2017\/12\/pagar3.png\" alt=\"\" width=\"108\" height=\"22\" \/>. El sistema de pago permite diferentes opciones para abonar el arancel en Argentina (tarjetas de cr\u00e9dito, Pago F\u00e1cil, Rapipago y\/o cuenta de Mercado Pago). Para cancelar los pagos desde otros pa\u00edses se pueden utilizar distintas tarjetas de cr\u00e9dito.<\/p>\n<p>\u2013 Dentro de las 24hs. de realizado el pago de la matr\u00edcula se habilita el acceso a los contenidos.<\/p>\n<table style=\"border-collapse: collapse; width: 91.3351%; height: 10px;\">\n<tbody>\n<tr style=\"height: 85px;\">\n<td style=\"width: 33.7088%; text-align: center; height: 10px;\"><strong>Ver formas de pago <a href=\"http:\/\/www.centroredes.org.ar\/index.php\/cursos\/formas-de-pago\/\">aqu\u00ed<\/a>.\u00a0<\/strong><br \/>\n<u><strong>M\u00e1s informaci\u00f3n y contacto<\/strong><\/u><\/p>\n<p style=\"text-align: center;\"><strong><a href=\"mailto:cursos@centroredes.org.ar\">cursos@centroredes.org.ar<\/a><\/strong><\/p>\n<\/td>\n<td style=\"width: 69.6245%; height: 10px;\">\n<h1 class=\"entry-title\" style=\"text-align: center;\"><span style=\"font-size: 14pt;\">C\u00e1lculo de transmisi\u00f3n t\u00e9rmica, coeficiente global de ganancias\/<br \/>\np\u00e9rdidas y riesgos de condensaci\u00f3n seg\u00fan normas IRAM.<\/span><\/h1>\n<p><a href=\"https:\/\/centroredes.org.ar\/wp-content\/uploads\/2025\/05\/IRAM.jpg\"><img loading=\"lazy\" decoding=\"async\" class=\"aligncenter wp-image-9447\" src=\"https:\/\/centroredes.org.ar\/wp-content\/uploads\/2025\/05\/IRAM.jpg\" alt=\"\" width=\"112\" height=\"114\" srcset=\"https:\/\/centroredes.org.ar\/wp-content\/uploads\/2025\/05\/IRAM.jpg 277w, https:\/\/centroredes.org.ar\/wp-content\/uploads\/2025\/05\/IRAM-12x12.jpg 12w, https:\/\/centroredes.org.ar\/wp-content\/uploads\/2025\/05\/IRAM-70x70.jpg 70w\" sizes=\"auto, (max-width: 112px) 100vw, 112px\" \/><\/a><\/td>\n<\/tr>\n<\/tbody>\n<\/table>\n","protected":false},"excerpt":{"rendered":"<p>Docentes a cargo: Ing. Mar\u00eda Bel\u00e9n Birche Dra. Alba Ramos Sanz Duraci\u00f3n: cont\u00e1s con seis (6) meses para hacerlo a &hellip; <\/p>\n","protected":false},"author":2,"featured_media":9433,"comment_status":"closed","ping_status":"closed","sticky":false,"template":"","format":"standard","meta":{"_acf_changed":false,"_uag_custom_page_level_css":"","footnotes":""},"categories":[130,129,44],"tags":[131],"class_list":["post-9432","post","type-post","status-publish","format-standard","has-post-thumbnail","hentry","category-cursos-permanente","category-estudios-urbanos-y-edilicios","category-cursos","tag-permanente"],"acf":[],"uagb_featured_image_src":{"full":["https:\/\/centroredes.org.ar\/wp-content\/uploads\/2025\/05\/Banner-temperatura.jpg",497,584,false],"thumbnail":["https:\/\/centroredes.org.ar\/wp-content\/uploads\/2025\/05\/Banner-temperatura-150x150.jpg",150,150,true],"medium":["https:\/\/centroredes.org.ar\/wp-content\/uploads\/2025\/05\/Banner-temperatura-255x300.jpg",255,300,true],"medium_large":["https:\/\/centroredes.org.ar\/wp-content\/uploads\/2025\/05\/Banner-temperatura.jpg",497,584,false],"large":["https:\/\/centroredes.org.ar\/wp-content\/uploads\/2025\/05\/Banner-temperatura.jpg",497,584,false],"tf-client-image-size":["https:\/\/centroredes.org.ar\/wp-content\/uploads\/2025\/05\/Banner-temperatura.jpg",102,120,false],"1536x1536":["https:\/\/centroredes.org.ar\/wp-content\/uploads\/2025\/05\/Banner-temperatura.jpg",497,584,false],"2048x2048":["https:\/\/centroredes.org.ar\/wp-content\/uploads\/2025\/05\/Banner-temperatura.jpg",497,584,false],"trp-custom-language-flag":["https:\/\/centroredes.org.ar\/wp-content\/uploads\/2025\/05\/Banner-temperatura-10x12.jpg",10,12,true],"widget-thumbnail":["https:\/\/centroredes.org.ar\/wp-content\/uploads\/2025\/05\/Banner-temperatura.jpg",64,75,false],"education-zone-banner":["https:\/\/centroredes.org.ar\/wp-content\/uploads\/2025\/05\/Banner-temperatura.jpg",497,584,false],"education-zone-image-full":["https:\/\/centroredes.org.ar\/wp-content\/uploads\/2025\/05\/Banner-temperatura-497x458.jpg",497,458,true],"education-zone-image":["https:\/\/centroredes.org.ar\/wp-content\/uploads\/2025\/05\/Banner-temperatura-497x458.jpg",497,458,true],"education-zone-recent-post":["https:\/\/centroredes.org.ar\/wp-content\/uploads\/2025\/05\/Banner-temperatura-70x70.jpg",70,70,true],"education-zone-search-result":["https:\/\/centroredes.org.ar\/wp-content\/uploads\/2025\/05\/Banner-temperatura-246x246.jpg",246,246,true],"education-zone-featured-course":["https:\/\/centroredes.org.ar\/wp-content\/uploads\/2025\/05\/Banner-temperatura-276x276.jpg",276,276,true],"education-zone-testimonial":["https:\/\/centroredes.org.ar\/wp-content\/uploads\/2025\/05\/Banner-temperatura-125x125.jpg",125,125,true],"education-zone-blog-full":["https:\/\/centroredes.org.ar\/wp-content\/uploads\/2025\/05\/Banner-temperatura-497x480.jpg",497,480,true],"sow-carousel-default":["https:\/\/centroredes.org.ar\/wp-content\/uploads\/2025\/05\/Banner-temperatura-272x182.jpg",272,182,true]},"uagb_author_info":{"display_name":"Jorge Atrio","author_link":"https:\/\/centroredes.org.ar\/index.php\/author\/centro-redes\/"},"uagb_comment_info":0,"uagb_excerpt":"Docentes a cargo: Ing. Mar\u00eda Bel\u00e9n Birche Dra. Alba Ramos Sanz Duraci\u00f3n: cont\u00e1s con seis (6) meses para hacerlo a &hellip;","rttpg_featured_image_url":{"full":["https:\/\/centroredes.org.ar\/wp-content\/uploads\/2025\/05\/Banner-temperatura.jpg",497,584,false],"landscape":["https:\/\/centroredes.org.ar\/wp-content\/uploads\/2025\/05\/Banner-temperatura.jpg",497,584,false],"portraits":["https:\/\/centroredes.org.ar\/wp-content\/uploads\/2025\/05\/Banner-temperatura.jpg",497,584,false],"thumbnail":["https:\/\/centroredes.org.ar\/wp-content\/uploads\/2025\/05\/Banner-temperatura-150x150.jpg",150,150,true],"medium":["https:\/\/centroredes.org.ar\/wp-content\/uploads\/2025\/05\/Banner-temperatura-255x300.jpg",255,300,true],"large":["https:\/\/centroredes.org.ar\/wp-content\/uploads\/2025\/05\/Banner-temperatura.jpg",497,584,false],"tf-client-image-size":["https:\/\/centroredes.org.ar\/wp-content\/uploads\/2025\/05\/Banner-temperatura.jpg",102,120,false],"1536x1536":["https:\/\/centroredes.org.ar\/wp-content\/uploads\/2025\/05\/Banner-temperatura.jpg",497,584,false],"2048x2048":["https:\/\/centroredes.org.ar\/wp-content\/uploads\/2025\/05\/Banner-temperatura.jpg",497,584,false],"trp-custom-language-flag":["https:\/\/centroredes.org.ar\/wp-content\/uploads\/2025\/05\/Banner-temperatura-10x12.jpg",10,12,true],"widget-thumbnail":["https:\/\/centroredes.org.ar\/wp-content\/uploads\/2025\/05\/Banner-temperatura.jpg",64,75,false],"education-zone-banner":["https:\/\/centroredes.org.ar\/wp-content\/uploads\/2025\/05\/Banner-temperatura.jpg",497,584,false],"education-zone-image-full":["https:\/\/centroredes.org.ar\/wp-content\/uploads\/2025\/05\/Banner-temperatura-497x458.jpg",497,458,true],"education-zone-image":["https:\/\/centroredes.org.ar\/wp-content\/uploads\/2025\/05\/Banner-temperatura-497x458.jpg",497,458,true],"education-zone-recent-post":["https:\/\/centroredes.org.ar\/wp-content\/uploads\/2025\/05\/Banner-temperatura-70x70.jpg",70,70,true],"education-zone-search-result":["https:\/\/centroredes.org.ar\/wp-content\/uploads\/2025\/05\/Banner-temperatura-246x246.jpg",246,246,true],"education-zone-featured-course":["https:\/\/centroredes.org.ar\/wp-content\/uploads\/2025\/05\/Banner-temperatura-276x276.jpg",276,276,true],"education-zone-testimonial":["https:\/\/centroredes.org.ar\/wp-content\/uploads\/2025\/05\/Banner-temperatura-125x125.jpg",125,125,true],"education-zone-blog-full":["https:\/\/centroredes.org.ar\/wp-content\/uploads\/2025\/05\/Banner-temperatura-497x480.jpg",497,480,true],"sow-carousel-default":["https:\/\/centroredes.org.ar\/wp-content\/uploads\/2025\/05\/Banner-temperatura-272x182.jpg",272,182,true]},"rttpg_author":{"display_name":"Jorge Atrio","author_link":"https:\/\/centroredes.org.ar\/index.php\/author\/centro-redes\/"},"rttpg_comment":0,"rttpg_category":"<a href=\"https:\/\/centroredes.org.ar\/index.php\/category\/cursos-permanente\/\" rel=\"category tag\">_Curso Permanente<\/a> <a href=\"https:\/\/centroredes.org.ar\/index.php\/category\/cursos\/estudios-urbanos-y-edilicios\/\" rel=\"category tag\">* \u00c1REA DE ESTUDIOS URBANOS Y EDILICIOS (INEAA-UNSJ)<\/a> <a href=\"https:\/\/centroredes.org.ar\/index.php\/category\/cursos\/\" rel=\"category tag\">CURSOS<\/a>","rttpg_excerpt":"Docentes a cargo: Ing. Mar\u00eda Bel\u00e9n Birche Dra. Alba Ramos Sanz Duraci\u00f3n: cont\u00e1s con seis (6) meses para hacerlo a &hellip;","_links":{"self":[{"href":"https:\/\/centroredes.org.ar\/index.php\/wp-json\/wp\/v2\/posts\/9432","targetHints":{"allow":["GET"]}}],"collection":[{"href":"https:\/\/centroredes.org.ar\/index.php\/wp-json\/wp\/v2\/posts"}],"about":[{"href":"https:\/\/centroredes.org.ar\/index.php\/wp-json\/wp\/v2\/types\/post"}],"author":[{"embeddable":true,"href":"https:\/\/centroredes.org.ar\/index.php\/wp-json\/wp\/v2\/users\/2"}],"replies":[{"embeddable":true,"href":"https:\/\/centroredes.org.ar\/index.php\/wp-json\/wp\/v2\/comments?post=9432"}],"version-history":[{"count":40,"href":"https:\/\/centroredes.org.ar\/index.php\/wp-json\/wp\/v2\/posts\/9432\/revisions"}],"predecessor-version":[{"id":10114,"href":"https:\/\/centroredes.org.ar\/index.php\/wp-json\/wp\/v2\/posts\/9432\/revisions\/10114"}],"wp:featuredmedia":[{"embeddable":true,"href":"https:\/\/centroredes.org.ar\/index.php\/wp-json\/wp\/v2\/media\/9433"}],"wp:attachment":[{"href":"https:\/\/centroredes.org.ar\/index.php\/wp-json\/wp\/v2\/media?parent=9432"}],"wp:term":[{"taxonomy":"category","embeddable":true,"href":"https:\/\/centroredes.org.ar\/index.php\/wp-json\/wp\/v2\/categories?post=9432"},{"taxonomy":"post_tag","embeddable":true,"href":"https:\/\/centroredes.org.ar\/index.php\/wp-json\/wp\/v2\/tags?post=9432"}],"curies":[{"name":"wp","href":"https:\/\/api.w.org\/{rel}","templated":true}]}}