{"id":574,"date":"2017-12-27T20:15:49","date_gmt":"2017-12-27T23:15:49","guid":{"rendered":"http:\/\/www.centroredes.org.ar\/?p=574"},"modified":"2017-12-27T20:15:49","modified_gmt":"2017-12-27T23:15:49","slug":"lucas-luchilo","status":"publish","type":"post","link":"https:\/\/centroredes.org.ar\/index.php\/lucas-luchilo\/","title":{"rendered":"Luchilo, Lucas"},"content":{"rendered":"<p>Profesor de Historia (UBA). Mag\u00edster en Pol\u00edtica y Gesti\u00f3n de la Ciencia y la Tecnolog\u00eda (CEA-UBA). Profesor de grado (UBA y UB) y de posgrado en la Maestr\u00eda en Gesti\u00f3n de la Ciencia, la Tecnolog\u00eda y la Innovaci\u00f3n (UNGS-IDES-Centro REDES) y en el Programa de Especializaci\u00f3n en Gesti\u00f3n de la Ciencia, la Tecnolog\u00eda y la Innovaci\u00f3n (UNGS-Centro REDES \u2013Direcci\u00f3n Nacional de Ciencia y Tecnolog\u00eda del Uruguay). Especialista en pol\u00edticas de ciencia, tecnolog\u00eda y educaci\u00f3n superior.<\/p>\n<p><a href=\"http:\/\/www.centroredes.org.ar\/index.php\/publicaciones-lucas-luchilo\/\">Publicaciones<\/a><\/p>\n","protected":false},"excerpt":{"rendered":"<p>Profesor de Historia (UBA). Mag\u00edster en Pol\u00edtica y Gesti\u00f3n de la Ciencia y la Tecnolog\u00eda (CEA-UBA). Profesor de grado (UBA &hellip; <\/p>\n","protected":false},"author":2,"featured_media":0,"comment_status":"closed","ping_status":"closed","sticky":false,"template":"","format":"standard","meta":{"_acf_changed":false,"_uag_custom_page_level_css":"","footnotes":""},"categories":[39,62,49,46],"tags":[],"class_list":["post-574","post","type-post","status-publish","format-standard","hentry","category-investigadores-responsables-de-proyecto","category-docentes","category-educacion-superior-integrantes","category-integrantes"],"acf":[],"uagb_featured_image_src":{"full":false,"thumbnail":false,"medium":false,"medium_large":false,"large":false,"tf-client-image-size":false,"1536x1536":false,"2048x2048":false,"trp-custom-language-flag":false,"widget-thumbnail":false,"education-zone-banner":false,"education-zone-image-full":false,"education-zone-image":false,"education-zone-recent-post":false,"education-zone-search-result":false,"education-zone-featured-course":false,"education-zone-testimonial":false,"education-zone-blog-full":false,"sow-carousel-default":false},"uagb_author_info":{"display_name":"Jorge Atrio","author_link":"https:\/\/centroredes.org.ar\/index.php\/author\/centro-redes\/"},"uagb_comment_info":0,"uagb_excerpt":"Profesor de Historia (UBA). Mag\u00edster en Pol\u00edtica y Gesti\u00f3n de la Ciencia y la Tecnolog\u00eda (CEA-UBA). Profesor de grado (UBA &hellip;","rttpg_featured_image_url":null,"rttpg_author":{"display_name":"Jorge Atrio","author_link":"https:\/\/centroredes.org.ar\/index.php\/author\/centro-redes\/"},"rttpg_comment":0,"rttpg_category":"<a href=\"https:\/\/centroredes.org.ar\/index.php\/category\/integrantes\/investigadores-responsables-de-proyecto\/\" rel=\"category tag\">----INVESTIGADORES REDES<\/a> <a href=\"https:\/\/centroredes.org.ar\/index.php\/category\/docentes\/\" rel=\"category tag\">DOCENTES<\/a> <a href=\"https:\/\/centroredes.org.ar\/index.php\/category\/integrantes\/educacion-superior-integrantes\/\" rel=\"category tag\">EDUCACI\u00d3N SUPERIOR<\/a> <a href=\"https:\/\/centroredes.org.ar\/index.php\/category\/integrantes\/\" rel=\"category tag\">INTEGRANTES<\/a>","rttpg_excerpt":"Profesor de Historia (UBA). Mag\u00edster en Pol\u00edtica y Gesti\u00f3n de la Ciencia y la Tecnolog\u00eda (CEA-UBA). Profesor de grado (UBA &hellip;","_links":{"self":[{"href":"https:\/\/centroredes.org.ar\/index.php\/wp-json\/wp\/v2\/posts\/574","targetHints":{"allow":["GET"]}}],"collection":[{"href":"https:\/\/centroredes.org.ar\/index.php\/wp-json\/wp\/v2\/posts"}],"about":[{"href":"https:\/\/centroredes.org.ar\/index.php\/wp-json\/wp\/v2\/types\/post"}],"author":[{"embeddable":true,"href":"https:\/\/centroredes.org.ar\/index.php\/wp-json\/wp\/v2\/users\/2"}],"replies":[{"embeddable":true,"href":"https:\/\/centroredes.org.ar\/index.php\/wp-json\/wp\/v2\/comments?post=574"}],"version-history":[{"count":0,"href":"https:\/\/centroredes.org.ar\/index.php\/wp-json\/wp\/v2\/posts\/574\/revisions"}],"wp:attachment":[{"href":"https:\/\/centroredes.org.ar\/index.php\/wp-json\/wp\/v2\/media?parent=574"}],"wp:term":[{"taxonomy":"category","embeddable":true,"href":"https:\/\/centroredes.org.ar\/index.php\/wp-json\/wp\/v2\/categories?post=574"},{"taxonomy":"post_tag","embeddable":true,"href":"https:\/\/centroredes.org.ar\/index.php\/wp-json\/wp\/v2\/tags?post=574"}],"curies":[{"name":"wp","href":"https:\/\/api.w.org\/{rel}","templated":true}]}}