{"id":5208,"date":"2020-11-05T16:09:47","date_gmt":"2020-11-05T19:09:47","guid":{"rendered":"http:\/\/www.centroredes.org.ar\/?p=5208"},"modified":"2020-11-05T16:09:47","modified_gmt":"2020-11-05T19:09:47","slug":"conversatorio-metricas-vinculacion","status":"publish","type":"post","link":"https:\/\/centroredes.org.ar\/index.php\/conversatorio-metricas-vinculacion\/","title":{"rendered":"Conversatorio: M\u00e9tricas de vinculaci\u00f3n universidad-entorno."},"content":{"rendered":"<p style=\"text-align: center;\"><span style=\"font-size: 16pt;\"><strong><em>M\u00e9tricas de vinculaci\u00f3n universidad-entorno. <\/em><\/strong><\/span><\/p>\n<p style=\"text-align: center;\"><span style=\"font-size: 16pt;\"><strong><em>Impacto cient\u00edfico y social desde las instituciones de educaci\u00f3n superior <\/em><\/strong><\/span><\/p>\n<p style=\"text-align: center;\"><span style=\"font-size: 16pt;\"><strong><em>en el contexto latinoamericano.<br \/>\n<\/em><\/strong><\/span><\/p>\n<div style=\"text-align: left;\"><span style=\"font-size: 14pt;\"><b>Inscripciones:<\/b><\/span><\/div>\n<div style=\"text-align: left;\"><span style=\"font-size: 14pt;\">Ingresa a este link:\u00a0<b><a href=\"https:\/\/depaisenpaisudea.rebus.com.co\/\" target=\"_blank\" rel=\"noopener\" data-saferedirecturl=\"https:\/\/www.google.com\/url?q=https:\/\/depaisenpaisudea.rebus.com.co\/&amp;source=gmail&amp;ust=1604681533998000&amp;usg=AFQjCNEYsgx6pZNJCkvbjPhCSudxo-sPYQ\">https:\/\/<wbr \/>depaisenpaisudea.rebus.com.co\/<\/a><\/b><wbr \/>, da click en <b><i>Registrarse<\/i><\/b> y diligencia el formulario. Luego durante el d\u00eda, recibir\u00e1s el login y pass, y as\u00ed podr\u00e1s disfrutar gratuitamente toda la Programaci\u00f3n, adem\u00e1s de agendar este <b>Conversatorio<\/b> en tu <i>Calendar<\/i> al ir a la AGENDA, buscar el d\u00eda viernes 6, 10 a.m. y all\u00ed encontrar\u00e1s el Conversatorio. <\/span><span style=\"font-size: 14pt;\">O puedes ingresar, 10 minutos antes, este viernes 6 de noviembre (<i>diligenciar el formulario en Registro<\/i>) e\u00a0ir inmediatamente a Salas en Vivo y encontrar\u00e1s el link a nuestro Conversatorio e ingresar.<\/span><\/div>\n<div><span style=\"background-color: #ffffff; color: #ffffff;\">.<\/span><\/div>\n<div style=\"text-align: left;\"><\/div>\n<p><img loading=\"lazy\" decoding=\"async\" class=\"aligncenter\" src=\"http:\/\/www.centroredes.org.ar\/wp-content\/uploads\/2020\/11\/Conversatorio.png\" alt=\"\" width=\"942\" height=\"1081\" \/><\/p>\n<hr \/>\n<p><img loading=\"lazy\" decoding=\"async\" class=\"\" src=\"http:\/\/www.centroredes.org.ar\/wp-content\/uploads\/2019\/09\/logo.png\" alt=\"\" width=\"302\" height=\"101\" \/><\/p>\n","protected":false},"excerpt":{"rendered":"<p>M\u00e9tricas de vinculaci\u00f3n universidad-entorno. Impacto cient\u00edfico y social desde las instituciones de educaci\u00f3n superior en el contexto latinoamericano. Inscripciones: Ingresa &hellip; <\/p>\n","protected":false},"author":2,"featured_media":5210,"comment_status":"closed","ping_status":"open","sticky":false,"template":"","format":"standard","meta":{"_acf_changed":false,"_uag_custom_page_level_css":"","footnotes":""},"categories":[20],"tags":[],"class_list":["post-5208","post","type-post","status-publish","format-standard","has-post-thumbnail","hentry","category-novedades"],"acf":[],"uagb_featured_image_src":{"full":["https:\/\/centroredes.org.ar\/wp-content\/uploads\/2020\/11\/Conversatorio02.png",322,467,false],"thumbnail":["https:\/\/centroredes.org.ar\/wp-content\/uploads\/2020\/11\/Conversatorio02-150x150.png",150,150,true],"medium":["https:\/\/centroredes.org.ar\/wp-content\/uploads\/2020\/11\/Conversatorio02-207x300.png",207,300,true],"medium_large":["https:\/\/centroredes.org.ar\/wp-content\/uploads\/2020\/11\/Conversatorio02.png",322,467,false],"large":["https:\/\/centroredes.org.ar\/wp-content\/uploads\/2020\/11\/Conversatorio02.png",322,467,false],"tf-client-image-size":["https:\/\/centroredes.org.ar\/wp-content\/uploads\/2020\/11\/Conversatorio02.png",83,120,false],"1536x1536":["https:\/\/centroredes.org.ar\/wp-content\/uploads\/2020\/11\/Conversatorio02.png",322,467,false],"2048x2048":["https:\/\/centroredes.org.ar\/wp-content\/uploads\/2020\/11\/Conversatorio02.png",322,467,false],"trp-custom-language-flag":["https:\/\/centroredes.org.ar\/wp-content\/uploads\/2020\/11\/Conversatorio02.png",8,12,false],"widget-thumbnail":["https:\/\/centroredes.org.ar\/wp-content\/uploads\/2020\/11\/Conversatorio02.png",52,75,false],"education-zone-banner":["https:\/\/centroredes.org.ar\/wp-content\/uploads\/2020\/11\/Conversatorio02.png",322,467,false],"education-zone-image-full":["https:\/\/centroredes.org.ar\/wp-content\/uploads\/2020\/11\/Conversatorio02-322x458.png",322,458,true],"education-zone-image":["https:\/\/centroredes.org.ar\/wp-content\/uploads\/2020\/11\/Conversatorio02-322x458.png",322,458,true],"education-zone-recent-post":["https:\/\/centroredes.org.ar\/wp-content\/uploads\/2020\/11\/Conversatorio02-70x70.png",70,70,true],"education-zone-search-result":["https:\/\/centroredes.org.ar\/wp-content\/uploads\/2020\/11\/Conversatorio02-246x246.png",246,246,true],"education-zone-featured-course":["https:\/\/centroredes.org.ar\/wp-content\/uploads\/2020\/11\/Conversatorio02-276x276.png",276,276,true],"education-zone-testimonial":["https:\/\/centroredes.org.ar\/wp-content\/uploads\/2020\/11\/Conversatorio02-125x125.png",125,125,true],"education-zone-blog-full":["https:\/\/centroredes.org.ar\/wp-content\/uploads\/2020\/11\/Conversatorio02.png",322,467,false],"sow-carousel-default":["https:\/\/centroredes.org.ar\/wp-content\/uploads\/2020\/11\/Conversatorio02-272x182.png",272,182,true]},"uagb_author_info":{"display_name":"Jorge Atrio","author_link":"https:\/\/centroredes.org.ar\/index.php\/author\/centro-redes\/"},"uagb_comment_info":0,"uagb_excerpt":"M\u00e9tricas de vinculaci\u00f3n universidad-entorno. Impacto cient\u00edfico y social desde las instituciones de educaci\u00f3n superior en el contexto latinoamericano. Inscripciones: Ingresa &hellip;","rttpg_featured_image_url":{"full":["https:\/\/centroredes.org.ar\/wp-content\/uploads\/2020\/11\/Conversatorio02.png",322,467,false],"landscape":["https:\/\/centroredes.org.ar\/wp-content\/uploads\/2020\/11\/Conversatorio02.png",322,467,false],"portraits":["https:\/\/centroredes.org.ar\/wp-content\/uploads\/2020\/11\/Conversatorio02.png",322,467,false],"thumbnail":["https:\/\/centroredes.org.ar\/wp-content\/uploads\/2020\/11\/Conversatorio02-150x150.png",150,150,true],"medium":["https:\/\/centroredes.org.ar\/wp-content\/uploads\/2020\/11\/Conversatorio02-207x300.png",207,300,true],"large":["https:\/\/centroredes.org.ar\/wp-content\/uploads\/2020\/11\/Conversatorio02.png",322,467,false],"tf-client-image-size":["https:\/\/centroredes.org.ar\/wp-content\/uploads\/2020\/11\/Conversatorio02.png",83,120,false],"1536x1536":["https:\/\/centroredes.org.ar\/wp-content\/uploads\/2020\/11\/Conversatorio02.png",322,467,false],"2048x2048":["https:\/\/centroredes.org.ar\/wp-content\/uploads\/2020\/11\/Conversatorio02.png",322,467,false],"trp-custom-language-flag":["https:\/\/centroredes.org.ar\/wp-content\/uploads\/2020\/11\/Conversatorio02.png",8,12,false],"widget-thumbnail":["https:\/\/centroredes.org.ar\/wp-content\/uploads\/2020\/11\/Conversatorio02.png",52,75,false],"education-zone-banner":["https:\/\/centroredes.org.ar\/wp-content\/uploads\/2020\/11\/Conversatorio02.png",322,467,false],"education-zone-image-full":["https:\/\/centroredes.org.ar\/wp-content\/uploads\/2020\/11\/Conversatorio02-322x458.png",322,458,true],"education-zone-image":["https:\/\/centroredes.org.ar\/wp-content\/uploads\/2020\/11\/Conversatorio02-322x458.png",322,458,true],"education-zone-recent-post":["https:\/\/centroredes.org.ar\/wp-content\/uploads\/2020\/11\/Conversatorio02-70x70.png",70,70,true],"education-zone-search-result":["https:\/\/centroredes.org.ar\/wp-content\/uploads\/2020\/11\/Conversatorio02-246x246.png",246,246,true],"education-zone-featured-course":["https:\/\/centroredes.org.ar\/wp-content\/uploads\/2020\/11\/Conversatorio02-276x276.png",276,276,true],"education-zone-testimonial":["https:\/\/centroredes.org.ar\/wp-content\/uploads\/2020\/11\/Conversatorio02-125x125.png",125,125,true],"education-zone-blog-full":["https:\/\/centroredes.org.ar\/wp-content\/uploads\/2020\/11\/Conversatorio02.png",322,467,false],"sow-carousel-default":["https:\/\/centroredes.org.ar\/wp-content\/uploads\/2020\/11\/Conversatorio02-272x182.png",272,182,true]},"rttpg_author":{"display_name":"Jorge Atrio","author_link":"https:\/\/centroredes.org.ar\/index.php\/author\/centro-redes\/"},"rttpg_comment":0,"rttpg_category":"<a href=\"https:\/\/centroredes.org.ar\/index.php\/category\/novedades\/\" rel=\"category tag\">NOVEDADES<\/a>","rttpg_excerpt":"M\u00e9tricas de vinculaci\u00f3n universidad-entorno. Impacto cient\u00edfico y social desde las instituciones de educaci\u00f3n superior en el contexto latinoamericano. Inscripciones: Ingresa &hellip;","_links":{"self":[{"href":"https:\/\/centroredes.org.ar\/index.php\/wp-json\/wp\/v2\/posts\/5208","targetHints":{"allow":["GET"]}}],"collection":[{"href":"https:\/\/centroredes.org.ar\/index.php\/wp-json\/wp\/v2\/posts"}],"about":[{"href":"https:\/\/centroredes.org.ar\/index.php\/wp-json\/wp\/v2\/types\/post"}],"author":[{"embeddable":true,"href":"https:\/\/centroredes.org.ar\/index.php\/wp-json\/wp\/v2\/users\/2"}],"replies":[{"embeddable":true,"href":"https:\/\/centroredes.org.ar\/index.php\/wp-json\/wp\/v2\/comments?post=5208"}],"version-history":[{"count":0,"href":"https:\/\/centroredes.org.ar\/index.php\/wp-json\/wp\/v2\/posts\/5208\/revisions"}],"wp:featuredmedia":[{"embeddable":true,"href":"https:\/\/centroredes.org.ar\/index.php\/wp-json\/wp\/v2\/media\/5210"}],"wp:attachment":[{"href":"https:\/\/centroredes.org.ar\/index.php\/wp-json\/wp\/v2\/media?parent=5208"}],"wp:term":[{"taxonomy":"category","embeddable":true,"href":"https:\/\/centroredes.org.ar\/index.php\/wp-json\/wp\/v2\/categories?post=5208"},{"taxonomy":"post_tag","embeddable":true,"href":"https:\/\/centroredes.org.ar\/index.php\/wp-json\/wp\/v2\/tags?post=5208"}],"curies":[{"name":"wp","href":"https:\/\/api.w.org\/{rel}","templated":true}]}}