{"id":3790,"date":"2018-07-22T11:47:14","date_gmt":"2018-07-22T14:47:14","guid":{"rendered":"http:\/\/www.centroredes.org.ar\/?p=3790"},"modified":"2018-07-22T11:47:14","modified_gmt":"2018-07-22T14:47:14","slug":"ciencia-participacion-y-estratificacion","status":"publish","type":"post","link":"https:\/\/centroredes.org.ar\/index.php\/ciencia-participacion-y-estratificacion\/","title":{"rendered":"Ciencia, participaci\u00f3n cultural y estratificaci\u00f3n social."},"content":{"rendered":"<p><span lang=\"ES-AR\"><strong>2018<\/strong> | <a href=\"http:\/\/www.centroredes.org.ar\/index.php\/carmelo-polino\/\">POLINO, Carmelo<\/a> (2018), <span id=\"m_-27947368529636380gmail-docs-internal-guid-dfe163b9-7fff-944e-24b3-209272e2d7a7\">\u201cCiencia, participaci\u00f3n cultural y estratificaci\u00f3n social\u201d, <\/span>El Estado de la Ciencia. Principales indicadores de ciencia y tecnolog\u00eda Iberoamericanos \/ Interamericanos, Buenos Aires, RICYT. <\/span><\/p>\n","protected":false},"excerpt":{"rendered":"<p>2018 | POLINO, Carmelo (2018), \u201cCiencia, participaci\u00f3n cultural y estratificaci\u00f3n social\u201d, El Estado de la Ciencia. Principales indicadores de ciencia &hellip; <\/p>\n","protected":false},"author":2,"featured_media":0,"comment_status":"closed","ping_status":"closed","sticky":false,"template":"","format":"standard","meta":{"_acf_changed":false,"_uag_custom_page_level_css":"","footnotes":""},"categories":[54,64,59,83,52],"tags":[],"class_list":["post-3790","post","type-post","status-publish","format-standard","hentry","category-articulos-y-capitulos-publicados","category-autores","category-percepcion-y-comunicacion-de-la-ciencia-publicaciones","category-polino-carmelo","category-publicaciones"],"acf":[],"uagb_featured_image_src":{"full":false,"thumbnail":false,"medium":false,"medium_large":false,"large":false,"tf-client-image-size":false,"1536x1536":false,"2048x2048":false,"trp-custom-language-flag":false,"widget-thumbnail":false,"education-zone-banner":false,"education-zone-image-full":false,"education-zone-image":false,"education-zone-recent-post":false,"education-zone-search-result":false,"education-zone-featured-course":false,"education-zone-testimonial":false,"education-zone-blog-full":false,"sow-carousel-default":false},"uagb_author_info":{"display_name":"Jorge Atrio","author_link":"https:\/\/centroredes.org.ar\/index.php\/author\/centro-redes\/"},"uagb_comment_info":0,"uagb_excerpt":"2018 | POLINO, Carmelo (2018), \u201cCiencia, participaci\u00f3n cultural y estratificaci\u00f3n social\u201d, El Estado de la Ciencia. Principales indicadores de ciencia &hellip;","rttpg_featured_image_url":null,"rttpg_author":{"display_name":"Jorge Atrio","author_link":"https:\/\/centroredes.org.ar\/index.php\/author\/centro-redes\/"},"rttpg_comment":0,"rttpg_category":"<a href=\"https:\/\/centroredes.org.ar\/index.php\/category\/publicaciones\/articulos-y-capitulos-publicados\/\" rel=\"category tag\">ART\u00cdCULOS Y CAP\u00cdTULOS PUBLICADOS<\/a> <a href=\"https:\/\/centroredes.org.ar\/index.php\/category\/autores\/\" rel=\"category tag\">AUTORES<\/a> <a href=\"https:\/\/centroredes.org.ar\/index.php\/category\/publicaciones\/percepcion-y-comunicacion-de-la-ciencia-publicaciones\/\" rel=\"category tag\">PERCEPCI\u00d3N Y COMUNICACI\u00d3N DE LA CIENCIA Y LA TECNOLOG\u00cdA<\/a> <a href=\"https:\/\/centroredes.org.ar\/index.php\/category\/autores\/polino-carmelo\/\" rel=\"category tag\">POLINO, Carmelo<\/a> <a href=\"https:\/\/centroredes.org.ar\/index.php\/category\/publicaciones\/\" rel=\"category tag\">PUBLICACIONES<\/a>","rttpg_excerpt":"2018 | POLINO, Carmelo (2018), \u201cCiencia, participaci\u00f3n cultural y estratificaci\u00f3n social\u201d, El Estado de la Ciencia. Principales indicadores de ciencia &hellip;","_links":{"self":[{"href":"https:\/\/centroredes.org.ar\/index.php\/wp-json\/wp\/v2\/posts\/3790","targetHints":{"allow":["GET"]}}],"collection":[{"href":"https:\/\/centroredes.org.ar\/index.php\/wp-json\/wp\/v2\/posts"}],"about":[{"href":"https:\/\/centroredes.org.ar\/index.php\/wp-json\/wp\/v2\/types\/post"}],"author":[{"embeddable":true,"href":"https:\/\/centroredes.org.ar\/index.php\/wp-json\/wp\/v2\/users\/2"}],"replies":[{"embeddable":true,"href":"https:\/\/centroredes.org.ar\/index.php\/wp-json\/wp\/v2\/comments?post=3790"}],"version-history":[{"count":0,"href":"https:\/\/centroredes.org.ar\/index.php\/wp-json\/wp\/v2\/posts\/3790\/revisions"}],"wp:attachment":[{"href":"https:\/\/centroredes.org.ar\/index.php\/wp-json\/wp\/v2\/media?parent=3790"}],"wp:term":[{"taxonomy":"category","embeddable":true,"href":"https:\/\/centroredes.org.ar\/index.php\/wp-json\/wp\/v2\/categories?post=3790"},{"taxonomy":"post_tag","embeddable":true,"href":"https:\/\/centroredes.org.ar\/index.php\/wp-json\/wp\/v2\/tags?post=3790"}],"curies":[{"name":"wp","href":"https:\/\/api.w.org\/{rel}","templated":true}]}}