{"id":3165,"date":"2001-02-24T15:28:25","date_gmt":"2001-02-24T18:28:25","guid":{"rendered":"http:\/\/www.centroredes.org.ar\/?p=3165"},"modified":"2001-02-24T15:28:25","modified_gmt":"2001-02-24T18:28:25","slug":"situacion-mujeres","status":"publish","type":"post","link":"https:\/\/centroredes.org.ar\/index.php\/situacion-mujeres\/","title":{"rendered":"La situaci\u00f3n de las mujeres en el sector cient\u00edfico-tecnol\u00f3gico en Am\u00e9rica Latina. Principales indicadores de g\u00e9nero."},"content":{"rendered":"<p><strong>2001<\/strong> |KOCHEN, Silvia;\u00a0FRANCHI, Ana Mar\u00eda; MAFF\u00cdA, Diana;\u00a0 <a href=\"http:\/\/www.centroredes.org.ar\/index.php\/jorge-atrio\/\">ATRIO, Jorge L.<\/a>\u00a0 (2001): &#8220;La situaci\u00f3n de las mujeres en el sector cient\u00edfico-tecnol\u00f3gico en Am\u00e9rica Latina. Principales indicadores de g\u00e9nero&#8221;. En Cuadernos de Iberoam\u00e9rica: \u201cLas Mujeres en el sistema de Ciencia y Tecnolog\u00eda. Editora Eulalia Perez Sede\u00f1o. Organizaci\u00f3n de Estados Iberoamericanos (OEI\u2013Espa\u00f1a). 2001.<\/p>\n","protected":false},"excerpt":{"rendered":"<p>2001 |KOCHEN, Silvia;\u00a0FRANCHI, Ana Mar\u00eda; MAFF\u00cdA, Diana;\u00a0 ATRIO, Jorge L.\u00a0 (2001): &#8220;La situaci\u00f3n de las mujeres en el sector cient\u00edfico-tecnol\u00f3gico &hellip; <\/p>\n","protected":false},"author":2,"featured_media":0,"comment_status":"closed","ping_status":"closed","sticky":false,"template":"","format":"standard","meta":{"_acf_changed":false,"_uag_custom_page_level_css":"","footnotes":""},"categories":[54,90,64,52],"tags":[],"class_list":["post-3165","post","type-post","status-publish","format-standard","hentry","category-articulos-y-capitulos-publicados","category-atrio-jorge-luis","category-autores","category-publicaciones"],"acf":[],"uagb_featured_image_src":{"full":false,"thumbnail":false,"medium":false,"medium_large":false,"large":false,"tf-client-image-size":false,"1536x1536":false,"2048x2048":false,"trp-custom-language-flag":false,"widget-thumbnail":false,"education-zone-banner":false,"education-zone-image-full":false,"education-zone-image":false,"education-zone-recent-post":false,"education-zone-search-result":false,"education-zone-featured-course":false,"education-zone-testimonial":false,"education-zone-blog-full":false,"sow-carousel-default":false},"uagb_author_info":{"display_name":"Jorge Atrio","author_link":"https:\/\/centroredes.org.ar\/index.php\/author\/centro-redes\/"},"uagb_comment_info":0,"uagb_excerpt":"2001 |KOCHEN, Silvia;\u00a0FRANCHI, Ana Mar\u00eda; MAFF\u00cdA, Diana;\u00a0 ATRIO, Jorge L.\u00a0 (2001): &#8220;La situaci\u00f3n de las mujeres en el sector cient\u00edfico-tecnol\u00f3gico &hellip;","rttpg_featured_image_url":null,"rttpg_author":{"display_name":"Jorge Atrio","author_link":"https:\/\/centroredes.org.ar\/index.php\/author\/centro-redes\/"},"rttpg_comment":0,"rttpg_category":"<a href=\"https:\/\/centroredes.org.ar\/index.php\/category\/publicaciones\/articulos-y-capitulos-publicados\/\" rel=\"category tag\">ART\u00cdCULOS Y CAP\u00cdTULOS PUBLICADOS<\/a> <a href=\"https:\/\/centroredes.org.ar\/index.php\/category\/autores\/atrio-jorge-luis\/\" rel=\"category tag\">ATRIO, Jorge Luis<\/a> <a href=\"https:\/\/centroredes.org.ar\/index.php\/category\/autores\/\" rel=\"category tag\">AUTORES<\/a> <a href=\"https:\/\/centroredes.org.ar\/index.php\/category\/publicaciones\/\" rel=\"category tag\">PUBLICACIONES<\/a>","rttpg_excerpt":"2001 |KOCHEN, Silvia;\u00a0FRANCHI, Ana Mar\u00eda; MAFF\u00cdA, Diana;\u00a0 ATRIO, Jorge L.\u00a0 (2001): &#8220;La situaci\u00f3n de las mujeres en el sector cient\u00edfico-tecnol\u00f3gico &hellip;","_links":{"self":[{"href":"https:\/\/centroredes.org.ar\/index.php\/wp-json\/wp\/v2\/posts\/3165","targetHints":{"allow":["GET"]}}],"collection":[{"href":"https:\/\/centroredes.org.ar\/index.php\/wp-json\/wp\/v2\/posts"}],"about":[{"href":"https:\/\/centroredes.org.ar\/index.php\/wp-json\/wp\/v2\/types\/post"}],"author":[{"embeddable":true,"href":"https:\/\/centroredes.org.ar\/index.php\/wp-json\/wp\/v2\/users\/2"}],"replies":[{"embeddable":true,"href":"https:\/\/centroredes.org.ar\/index.php\/wp-json\/wp\/v2\/comments?post=3165"}],"version-history":[{"count":0,"href":"https:\/\/centroredes.org.ar\/index.php\/wp-json\/wp\/v2\/posts\/3165\/revisions"}],"wp:attachment":[{"href":"https:\/\/centroredes.org.ar\/index.php\/wp-json\/wp\/v2\/media?parent=3165"}],"wp:term":[{"taxonomy":"category","embeddable":true,"href":"https:\/\/centroredes.org.ar\/index.php\/wp-json\/wp\/v2\/categories?post=3165"},{"taxonomy":"post_tag","embeddable":true,"href":"https:\/\/centroredes.org.ar\/index.php\/wp-json\/wp\/v2\/tags?post=3165"}],"curies":[{"name":"wp","href":"https:\/\/api.w.org\/{rel}","templated":true}]}}