{"id":1440,"date":"2014-12-22T13:02:51","date_gmt":"2014-12-22T16:02:51","guid":{"rendered":"http:\/\/www.centroredes.org.ar\/?p=1440"},"modified":"2014-12-22T13:02:51","modified_gmt":"2014-12-22T16:02:51","slug":"aprop-social-cyt","status":"publish","type":"post","link":"https:\/\/centroredes.org.ar\/index.php\/aprop-social-cyt\/","title":{"rendered":"Apropiaci\u00f3n social de la ciencia y la tecnolog\u00eda."},"content":{"rendered":"<p><strong>2014<\/strong> | <a href=\"http:\/\/www.centroredes.org.ar\/index.php\/estebanez-maria-elina\/\">EST\u00c9BANEZ, M. E.<\/a> (2014), Apropiaci\u00f3n social de la ciencia y la tecnolog\u00eda. En: PIUBAMAS, EUDEBA, UBA, Buenos Aires.<\/p>\n<p><span class=\"labels-item-body\">Enlace: <span lang=\"ES-TRAD\"><a href=\"http:\/\/www.uba.ar\/archivos_secyt\/image\/PIUBAMAS%202015%20-%20Universidad%20y%20Sociedad.pdf\">http:\/\/www.uba.ar\/archivos_secyt\/image\/PIUBAMAS%202015%20-%20Universidad%20y%20Sociedad.pdf<\/a><\/span><\/span><\/p>\n<p><a href=\"http:\/\/www.centroredes.org.ar\/wp-content\/uploads\/2018\/02\/PIUBAMAS-2015-Universidad-y-Sociedad.pdf\"><span class=\"labels-item-body\">Descargar .pdf de la obra completa que contiene el art\u00edculo<\/span><\/a><\/p>\n<p>&nbsp;<\/p>\n<p><strong>RESUMEN<\/strong><\/p>\n<p>El t\u00e9rmino apropiaci\u00f3n tiene una amplia presencia en textos contempor\u00e1neos que se ocupan del an\u00e1lisis y las pol\u00edticas de ciencia y tecnolog\u00eda. El uso de las expresiones apropiaci\u00f3n social de la ciencia, apropiaci\u00f3n social de la tecnolog\u00eda, o bien la conjunci\u00f3n de ambos \u201cobjetos\u201d de apropiaci\u00f3n suele realizarse en el contexto de exposiciones sobre la cultura cient\u00edfica y tecnol\u00f3gica, los procesos de participaci\u00f3n p\u00fablica en la ciencia, los nuevos modelos de concebir la relaci\u00f3n entre ciencia y sociedad, y las pol\u00edticas cient\u00edficas y tecnol\u00f3gicas. La amplia conceptualizaci\u00f3n que se detecta en los usos del t\u00e9rmino y sus \u00a0expresiones asociadas indicar\u00eda que, antes que un significado estabilizado en el marco de una teor\u00eda, se trata de una constelaci\u00f3n de significados con mayor o menor asociaci\u00f3n, que opera como un campo de problematizaci\u00f3n sobre las dimensiones pol\u00edticas, culturales y sociales de la presencia del conocimiento cient\u00edfico y tecnol\u00f3gico en la sociedad.<\/p>\n<p>-texto completo en p\u00e1g. 53 de la obra citada-<\/p>\n","protected":false},"excerpt":{"rendered":"<p>2014 | EST\u00c9BANEZ, M. E. (2014), Apropiaci\u00f3n social de la ciencia y la tecnolog\u00eda. En: PIUBAMAS, EUDEBA, UBA, Buenos Aires. &hellip; <\/p>\n","protected":false},"author":2,"featured_media":0,"comment_status":"closed","ping_status":"closed","sticky":false,"template":"","format":"standard","meta":{"_acf_changed":false,"_uag_custom_page_level_css":"","footnotes":""},"categories":[54,64,60,87,52],"tags":[],"class_list":["post-1440","post","type-post","status-publish","format-standard","hentry","category-articulos-y-capitulos-publicados","category-autores","category-ciencia-tecnologia-y-sociedad-publicaciones","category-estebanez-maria-elina","category-publicaciones"],"acf":[],"uagb_featured_image_src":{"full":false,"thumbnail":false,"medium":false,"medium_large":false,"large":false,"tf-client-image-size":false,"1536x1536":false,"2048x2048":false,"trp-custom-language-flag":false,"widget-thumbnail":false,"education-zone-banner":false,"education-zone-image-full":false,"education-zone-image":false,"education-zone-recent-post":false,"education-zone-search-result":false,"education-zone-featured-course":false,"education-zone-testimonial":false,"education-zone-blog-full":false,"sow-carousel-default":false},"uagb_author_info":{"display_name":"Jorge Atrio","author_link":"https:\/\/centroredes.org.ar\/index.php\/author\/centro-redes\/"},"uagb_comment_info":0,"uagb_excerpt":"2014 | EST\u00c9BANEZ, M. E. (2014), Apropiaci\u00f3n social de la ciencia y la tecnolog\u00eda. En: PIUBAMAS, EUDEBA, UBA, Buenos Aires. &hellip;","rttpg_featured_image_url":null,"rttpg_author":{"display_name":"Jorge Atrio","author_link":"https:\/\/centroredes.org.ar\/index.php\/author\/centro-redes\/"},"rttpg_comment":0,"rttpg_category":"<a href=\"https:\/\/centroredes.org.ar\/index.php\/category\/publicaciones\/articulos-y-capitulos-publicados\/\" rel=\"category tag\">ART\u00cdCULOS Y CAP\u00cdTULOS PUBLICADOS<\/a> <a href=\"https:\/\/centroredes.org.ar\/index.php\/category\/autores\/\" rel=\"category tag\">AUTORES<\/a> <a href=\"https:\/\/centroredes.org.ar\/index.php\/category\/publicaciones\/ciencia-tecnologia-y-sociedad-publicaciones\/\" rel=\"category tag\">CIENCIA, INNOVACI\u00d3N Y SOCIEDAD<\/a> <a href=\"https:\/\/centroredes.org.ar\/index.php\/category\/autores\/estebanez-maria-elina\/\" rel=\"category tag\">EST\u00c9BANEZ, Mar\u00eda Elina<\/a> <a href=\"https:\/\/centroredes.org.ar\/index.php\/category\/publicaciones\/\" rel=\"category tag\">PUBLICACIONES<\/a>","rttpg_excerpt":"2014 | EST\u00c9BANEZ, M. E. (2014), Apropiaci\u00f3n social de la ciencia y la tecnolog\u00eda. En: PIUBAMAS, EUDEBA, UBA, Buenos Aires. &hellip;","_links":{"self":[{"href":"https:\/\/centroredes.org.ar\/index.php\/wp-json\/wp\/v2\/posts\/1440","targetHints":{"allow":["GET"]}}],"collection":[{"href":"https:\/\/centroredes.org.ar\/index.php\/wp-json\/wp\/v2\/posts"}],"about":[{"href":"https:\/\/centroredes.org.ar\/index.php\/wp-json\/wp\/v2\/types\/post"}],"author":[{"embeddable":true,"href":"https:\/\/centroredes.org.ar\/index.php\/wp-json\/wp\/v2\/users\/2"}],"replies":[{"embeddable":true,"href":"https:\/\/centroredes.org.ar\/index.php\/wp-json\/wp\/v2\/comments?post=1440"}],"version-history":[{"count":0,"href":"https:\/\/centroredes.org.ar\/index.php\/wp-json\/wp\/v2\/posts\/1440\/revisions"}],"wp:attachment":[{"href":"https:\/\/centroredes.org.ar\/index.php\/wp-json\/wp\/v2\/media?parent=1440"}],"wp:term":[{"taxonomy":"category","embeddable":true,"href":"https:\/\/centroredes.org.ar\/index.php\/wp-json\/wp\/v2\/categories?post=1440"},{"taxonomy":"post_tag","embeddable":true,"href":"https:\/\/centroredes.org.ar\/index.php\/wp-json\/wp\/v2\/tags?post=1440"}],"curies":[{"name":"wp","href":"https:\/\/api.w.org\/{rel}","templated":true}]}}