{"id":1425,"date":"2014-06-30T12:31:25","date_gmt":"2014-06-30T15:31:25","guid":{"rendered":"http:\/\/www.centroredes.org.ar\/?p=1425"},"modified":"2014-06-30T12:31:25","modified_gmt":"2014-06-30T15:31:25","slug":"encuadres-mediaticos","status":"publish","type":"post","link":"https:\/\/centroredes.org.ar\/index.php\/encuadres-mediaticos\/","title":{"rendered":"Encuadres medi\u00e1ticos de las controversias tecnoambientales: El caso del \u2018Conflicto de las Papeleras\u2019 entre Argentina y Uruguay."},"content":{"rendered":"<p><strong>2014<\/strong> |<a href=\"http:\/\/www.centroredes.org.ar\/index.php\/carina-cortassa\/\">CORTASSA, C.<\/a> &#8211; ANDRES, G. &#8211; WURSTEN, A. (2014). Encuadres medi\u00e1ticos de las controversias tecnoambientales: El caso del \u2018Conflicto de las Papeleras\u2019 entre Argentina y Uruguay. Anuario Electr\u00f3nico de Estudios en Comunicaci\u00f3n Social &#8220;Disertaciones&#8221;, vol. 7, n\u00b0 1, pp.166-192. ISSN: 1856-9536.<\/p>\n<p>URL: <a href=\"http:\/\/erevistas.saber.ula.ve\/index.php\/Disertaciones\/article\/view\/4528\">http:\/\/erevistas.saber.ula.ve\/index.php\/Disertaciones\/article\/view\/4528<\/a><\/p>\n<p><a href=\"http:\/\/www.centroredes.org.ar\/wp-content\/uploads\/2018\/02\/Cortassa-4528-18020-3-PB.pdf\">Descargar el art\u00edculo<\/a><\/p>\n<p>&nbsp;<\/p>\n<p><strong>RESUMEN<\/strong><\/p>\n<p>El art\u00edculo adopta la teor\u00eda del <em>framing<\/em> para abordar la construcci\u00f3n medi\u00e1tica de la controversia tecnoambiental vigente entre Argentina y Uruguay, suscitada a ra\u00edz de la instalaci\u00f3n de una planta productora de pasta de celulosa en inmediaciones de la localidad uruguaya de Fray Bentos. El an\u00e1lisis est\u00e1 centrado en las respectivas coberturas realizadas por dos medios de prensa gr\u00e1fica argentinos -los diarios <em>Clar\u00edn<\/em> y <em>P\u00e1gina 12<\/em>&#8211; en tres etapas clave de la evoluci\u00f3n del conflicto. Un corpus conformado por un total de 1004 art\u00edculos fue examinado mediante un protocolo de registro elaborado en base a instrumentos previamente probados, destinado a observar cuantitativamente la incidencia de cinco frames establecidos a priori: a) ambiental; b) cient\u00edfico-t\u00e9cnico; c) pol\u00edtico-jur\u00eddico; d) social; e) de causas-consecuencias econ\u00f3micas. La evidencia indica que, por amplia mayor\u00eda, los medios analizados representaron la controversia en t\u00e9rminos pol\u00edtico-jur\u00eddicos, opacando dr\u00e1sticamente su origen ambiental y las discrepancias de \u00edndole cient\u00edfica y t\u00e9cnica involucradas en su ra\u00edz y desarrollo. En el art\u00edculo se discuten algunos resultados de la experiencia, como as\u00ed tambi\u00e9n las limitaciones y posibilidades de extender la tipolog\u00eda de encuadres aqu\u00ed ensayada a otras coberturas medi\u00e1ticas de situaciones semejantes, con independencia de su objeto espec\u00edfico.<\/p>\n<p><strong>Palabras clave:<\/strong> Framing, prensa gr\u00e1fica, controversias tecnoambientales, conflicto de las papeleras\u201d; Argentina, Uruguay.<\/p>\n<p>Recibido: 2013-10-29<\/p>\n<p>Aceptado: 2013-12-21<\/p>\n","protected":false},"excerpt":{"rendered":"<p>2014 |CORTASSA, C. &#8211; ANDRES, G. &#8211; WURSTEN, A. (2014). Encuadres medi\u00e1ticos de las controversias tecnoambientales: El caso del \u2018Conflicto &hellip; <\/p>\n","protected":false},"author":2,"featured_media":0,"comment_status":"closed","ping_status":"closed","sticky":false,"template":"","format":"standard","meta":{"_acf_changed":false,"_uag_custom_page_level_css":"","footnotes":""},"categories":[54,64,72,59,52],"tags":[],"class_list":["post-1425","post","type-post","status-publish","format-standard","hentry","category-articulos-y-capitulos-publicados","category-autores","category-cortassa-carina","category-percepcion-y-comunicacion-de-la-ciencia-publicaciones","category-publicaciones"],"acf":[],"uagb_featured_image_src":{"full":false,"thumbnail":false,"medium":false,"medium_large":false,"large":false,"tf-client-image-size":false,"1536x1536":false,"2048x2048":false,"trp-custom-language-flag":false,"widget-thumbnail":false,"education-zone-banner":false,"education-zone-image-full":false,"education-zone-image":false,"education-zone-recent-post":false,"education-zone-search-result":false,"education-zone-featured-course":false,"education-zone-testimonial":false,"education-zone-blog-full":false,"sow-carousel-default":false},"uagb_author_info":{"display_name":"Jorge Atrio","author_link":"https:\/\/centroredes.org.ar\/index.php\/author\/centro-redes\/"},"uagb_comment_info":0,"uagb_excerpt":"2014 |CORTASSA, C. &#8211; ANDRES, G. &#8211; WURSTEN, A. (2014). Encuadres medi\u00e1ticos de las controversias tecnoambientales: El caso del \u2018Conflicto &hellip;","rttpg_featured_image_url":null,"rttpg_author":{"display_name":"Jorge Atrio","author_link":"https:\/\/centroredes.org.ar\/index.php\/author\/centro-redes\/"},"rttpg_comment":0,"rttpg_category":"<a href=\"https:\/\/centroredes.org.ar\/index.php\/category\/publicaciones\/articulos-y-capitulos-publicados\/\" rel=\"category tag\">ART\u00cdCULOS Y CAP\u00cdTULOS PUBLICADOS<\/a> <a href=\"https:\/\/centroredes.org.ar\/index.php\/category\/autores\/\" rel=\"category tag\">AUTORES<\/a> <a href=\"https:\/\/centroredes.org.ar\/index.php\/category\/autores\/cortassa-carina\/\" rel=\"category tag\">CORTASSA, Carina<\/a> <a href=\"https:\/\/centroredes.org.ar\/index.php\/category\/publicaciones\/percepcion-y-comunicacion-de-la-ciencia-publicaciones\/\" rel=\"category tag\">PERCEPCI\u00d3N Y COMUNICACI\u00d3N DE LA CIENCIA Y LA TECNOLOG\u00cdA<\/a> <a href=\"https:\/\/centroredes.org.ar\/index.php\/category\/publicaciones\/\" rel=\"category tag\">PUBLICACIONES<\/a>","rttpg_excerpt":"2014 |CORTASSA, C. &#8211; ANDRES, G. &#8211; WURSTEN, A. (2014). Encuadres medi\u00e1ticos de las controversias tecnoambientales: El caso del \u2018Conflicto &hellip;","_links":{"self":[{"href":"https:\/\/centroredes.org.ar\/index.php\/wp-json\/wp\/v2\/posts\/1425","targetHints":{"allow":["GET"]}}],"collection":[{"href":"https:\/\/centroredes.org.ar\/index.php\/wp-json\/wp\/v2\/posts"}],"about":[{"href":"https:\/\/centroredes.org.ar\/index.php\/wp-json\/wp\/v2\/types\/post"}],"author":[{"embeddable":true,"href":"https:\/\/centroredes.org.ar\/index.php\/wp-json\/wp\/v2\/users\/2"}],"replies":[{"embeddable":true,"href":"https:\/\/centroredes.org.ar\/index.php\/wp-json\/wp\/v2\/comments?post=1425"}],"version-history":[{"count":0,"href":"https:\/\/centroredes.org.ar\/index.php\/wp-json\/wp\/v2\/posts\/1425\/revisions"}],"wp:attachment":[{"href":"https:\/\/centroredes.org.ar\/index.php\/wp-json\/wp\/v2\/media?parent=1425"}],"wp:term":[{"taxonomy":"category","embeddable":true,"href":"https:\/\/centroredes.org.ar\/index.php\/wp-json\/wp\/v2\/categories?post=1425"},{"taxonomy":"post_tag","embeddable":true,"href":"https:\/\/centroredes.org.ar\/index.php\/wp-json\/wp\/v2\/tags?post=1425"}],"curies":[{"name":"wp","href":"https:\/\/api.w.org\/{rel}","templated":true}]}}