{"id":11574,"date":"2026-05-01T16:19:35","date_gmt":"2026-05-01T19:19:35","guid":{"rendered":"https:\/\/centroredes.org.ar\/?p=11574"},"modified":"2026-05-01T16:53:12","modified_gmt":"2026-05-01T19:53:12","slug":"jesus-sebastian","status":"publish","type":"post","link":"https:\/\/centroredes.org.ar\/index.php\/jesus-sebastian\/","title":{"rendered":"Adi\u00f3s a Jes\u00fas Sebasti\u00e1n Audina"},"content":{"rendered":"<p><span style=\"font-size: 14pt;\">Con profundo pesar, la <b data-path-to-node=\"3\" data-index-in-node=\"23\">Asociaci\u00f3n Civil Grupo REDES<\/b> despide a <b data-path-to-node=\"3\" data-index-in-node=\"62\">Jes\u00fas Sebasti\u00e1n Audina<\/b>, socio fundador y pilar fundamental de nuestra instituci\u00f3n, quien falleci\u00f3 el pasado s\u00e1bado 25 de abril en la ciudad de Madrid. Su partida representa una p\u00e9rdida inmensa para nuestra comunidad; Jes\u00fas no solo fue uno de los arquitectos que dio forma a los valores y objetivos que hoy gu\u00edan nuestro trabajo, sino tambi\u00e9n un amigo, un ejemplo de compromiso y una visi\u00f3n para todos aquellos que tuvimos el honor de colaborar a su lado.<\/span><\/p>\n<p data-path-to-node=\"4\"><span style=\"font-size: 14pt;\">M\u00e1s all\u00e1 de su rol en nuestra asociaci\u00f3n, Jes\u00fas se consolid\u00f3 como un referente indispensable en el \u00e1mbito de la <b data-path-to-node=\"4\" data-index-in-node=\"112\">cooperaci\u00f3n cient\u00edfica internacional<\/b>. Su labor trascendi\u00f3 fronteras, logrando articular puentes de conocimiento y colaboraci\u00f3n entre diversos pa\u00edses con una generosidad intelectual \u00fanica. Desde Grupo REDES, honramos su memoria y extendemos nuestro m\u00e1s c\u00e1lido abrazo a su familia y seres queridos, con la certeza de que su legado continuar\u00e1 inspirando cada uno de nuestros proyectos futuros.<\/span><\/p>\n<p>&nbsp;<\/p>\n<hr \/>\n<p style=\"text-align: center;\" data-path-to-node=\"4\"><a href=\"https:\/\/centroredes.org.ar\/wp-content\/uploads\/2026\/05\/El-Pais.jpg\"><img loading=\"lazy\" decoding=\"async\" class=\"aligncenter size-full wp-image-11577\" src=\"https:\/\/centroredes.org.ar\/wp-content\/uploads\/2026\/05\/El-Pais.jpg\" alt=\"\" width=\"259\" height=\"71\" srcset=\"https:\/\/centroredes.org.ar\/wp-content\/uploads\/2026\/05\/El-Pais.jpg 259w, https:\/\/centroredes.org.ar\/wp-content\/uploads\/2026\/05\/El-Pais-18x5.jpg 18w\" sizes=\"auto, (max-width: 259px) 100vw, 259px\" \/><\/a><\/p>\n<p style=\"text-align: center;\" data-path-to-node=\"4\">Compartimos una nota publicada por el diario El Pa\u00eds (Espa\u00f1a), de fecha 1\u00ba de mayo de 2026, en la que Javier L\u00f3pez Facal y<br \/>\n<span class=\"a_md_a_n\">Manuel de la Iglesia Caruncho nos presentan un recorrido sobre destacados momentos de la vida de <b data-path-to-node=\"3\" data-index-in-node=\"62\">Jes\u00fas Sebasti\u00e1n Audina<\/b>.\u00a0<\/span><\/p>\n<p>&nbsp;<\/p>\n<h1 class=\"a_t\">Jes\u00fas Sebasti\u00e1n Audina, un impulsor de la<br \/>\ncolaboraci\u00f3n cient\u00edfica con Latinoam\u00e9rica<\/h1>\n<p class=\"a_st\">Combin\u00f3 la ciencia y la cooperaci\u00f3n internacional. Ayud\u00f3 a fundar el nuevo Colegio Mayor San Juan<br \/>\nEvangelista en Madrid y fue vicepresidente de relaciones institucionales del CSIC.<\/p>\n<p>_____________________________________________________________________<\/p>\n<div class=\"a_md_a\" data-dtm-region=\"articulo_firma\"><strong>Javier L\u00f3pez Facal\u00a0 &#8211;<span class=\"a_md_a_n\">\u00a0Manuel de la Iglesia Caruncho<\/span><\/strong><\/div>\n<div class=\"a_md_f\">01\u00a0<abbr title=\"mayo\">MAYO<\/abbr>\u00a02026<\/div>\n<p>&nbsp;<\/p>\n<p class=\"\">El s\u00e1bado 25 de abril falleci\u00f3 en Madrid una persona poco com\u00fan, alguien que, despu\u00e9s de dedicar la primera mitad de su vida profesional a la ciencia, se volc\u00f3 en la colaboraci\u00f3n con Latinoam\u00e9rica y en el desarrollo cient\u00edfico de aquel subcontinente.<\/p>\n<p class=\"\">Jes\u00fas Sebasti\u00e1n Audina tuvo otras muchas vidas, adem\u00e1s de la cient\u00edfica y la de la cooperaci\u00f3n internacional. Todas intensas, como era el personaje. Una de ellas, cuando todav\u00eda preparaba su tesis sobre biolog\u00eda molecular, la vivi\u00f3 cuando ayud\u00f3 a fundar el nuevo\u00a0<a title=\"https:\/\/elpais.com\/eps\/2023-03-08\/el-espiritu-del-johnny-resiste-de-como-un-colegio-mayor-busca-renacer-tras-luchar-contra-la-especulacion-y-la-okupacion.html\" href=\"https:\/\/elpais.com\/eps\/2023-03-08\/el-espiritu-del-johnny-resiste-de-como-un-colegio-mayor-busca-renacer-tras-luchar-contra-la-especulacion-y-la-okupacion.html\" target=\"_blank\" rel=\"noopener noreferrer\" data-link-track-dtm=\"\" data-mrf-link=\"https:\/\/elpais.com\/eps\/2023-03-08\/el-espiritu-del-johnny-resiste-de-como-un-colegio-mayor-busca-renacer-tras-luchar-contra-la-especulacion-y-la-okupacion.html\">Colegio Mayor San Juan Evangelista en Madrid<\/a>, del cual, a\u00fan estudiante, fue uno de sus subdirectores y animadores. Le imprimi\u00f3 ese car\u00e1cter que lo diferenci\u00f3 de las anquilosadas y desfasadas residencias universitarias franquistas de los a\u00f1os sesenta. Jes\u00fas, con sus compa\u00f1eros de aventuras de entonces, logr\u00f3 fundar aquel hervidero de ideas modernas, tambi\u00e9n semillero cultural, que tanto reconocimiento le dar\u00eda a ese colegio durante posteriores d\u00e9cadas.<\/p>\n<p class=\"\">Otra vivencia intensa la sabore\u00f3 cuando aprovech\u00f3 la oportunidad de trabajar en Estados Unidos, en el sector de la biolog\u00eda, durante cuatro a\u00f1os; primero en Wisconsin y despu\u00e9s en Boston. Trabajos que le permitieron, a comienzos de los setenta, regresar al Consejo Superior de Investigaciones Cient\u00edficas (CSIC) de Madrid con el reconocimiento de haber ejercido como cient\u00edfico en aquella potencia. Pronto admitir\u00eda algunos doctorandos bajo su tutela, aunque no demasiados, pues a los pocos a\u00f1os, en 1982, fue nombrado vicepresidente de relaciones institucionales del CSIC.<\/p>\n<p class=\"\">Sus doctorandos de entonces lo recuerdan con cari\u00f1o. Recuerdan tambi\u00e9n que los directores de los distintos centros del CSIC lo apodaban \u201cJes\u00fas del Gran Poder\u201d, pues ejerc\u00eda mando en plaza, aunque siempre con mesura, educaci\u00f3n e inteligencia. Hay que destacar que algunos de los programas concebidos por Sebasti\u00e1n en aquella \u00e9poca del CSIC se convertir\u00edan en prioridades del Plan Nacional de I+D que comenzar\u00eda poco despu\u00e9s.<\/p>\n<p class=\"\">Con su s\u00f3lida base cient\u00edfica, Sebasti\u00e1n dio un salto al mundo de la cooperaci\u00f3n cuando fue nombrado, a fines de los ochenta, director de cooperaci\u00f3n cient\u00edfico-t\u00e9cnica en el Instituto de Cooperaci\u00f3n Iberoamericana (ICI). Su af\u00e1n era que Espa\u00f1a desarrollara en todos los pa\u00edses latinoamericanos al menos un \u201cproyecto emblem\u00e1tico\u201d que deb\u00eda contener actividades que permitieran compartir el Conocimiento, as\u00ed, con may\u00fasculas, entre las dos partes.<\/p>\n<p class=\"\">Sebasti\u00e1n tambi\u00e9n presidi\u00f3 la Secretar\u00eda General del Programa \u201cCiencia y Tecnolog\u00eda para el Desarrollo\u201d (CYTED), impulsado por la que pas\u00f3 a denominarse\u00a0<a title=\"https:\/\/elpais.com\/planeta-futuro\/2025-05-16\/cooperacion-espanola-cuando-las-palabras-cuentan-pero-no-bastan-para-cambiar-el-mundo.html\" href=\"https:\/\/elpais.com\/planeta-futuro\/2025-05-16\/cooperacion-espanola-cuando-las-palabras-cuentan-pero-no-bastan-para-cambiar-el-mundo.html\" target=\"_blank\" rel=\"noopener noreferrer\" data-link-track-dtm=\"\" data-mrf-link=\"https:\/\/elpais.com\/planeta-futuro\/2025-05-16\/cooperacion-espanola-cuando-las-palabras-cuentan-pero-no-bastan-para-cambiar-el-mundo.html\">Agencia Espa\u00f1ola de Cooperaci\u00f3n Internacional (AECI)<\/a>, un programa aprobado por los gobiernos de Espa\u00f1a y Portugal y por todos los latinoamericanos para promover la cooperaci\u00f3n en ciencia, tecnolog\u00eda e innovaci\u00f3n para el desarrollo de la regi\u00f3n latinoamericana. En esa \u00e9poca coordin\u00f3 la publicaci\u00f3n\u00a0<a title=\"https:\/\/www.fundacioncarolina.es\/claves-del-desarrollo-cientifico-y-tecnologico-de-america-latina\/\" href=\"https:\/\/www.fundacioncarolina.es\/claves-del-desarrollo-cientifico-y-tecnologico-de-america-latina\/\" target=\"_blank\" rel=\"noopener noreferrer\" data-link-track-dtm=\"\" data-mrf-link=\"https:\/\/www.fundacioncarolina.es\/claves-del-desarrollo-cientifico-y-tecnologico-de-america-latina\/\"><i>Claves del desarrollo cient\u00edfico y tecnol\u00f3gico de Am\u00e9rica Latina<\/i>,<\/a>\u00a0una de tantas obras escritas o coordinadas por \u00e9l.<\/p>\n<p class=\"\">Poco antes de jubilarse, Sebasti\u00e1n regres\u00f3 al CSIC, al Centro de Ciencias Humanas y Sociales, desde donde no dej\u00f3 de asesorar a distintas universidades y sistemas de ciencia en diversos pa\u00edses, como Colombia y Argentina.<\/p>\n<p class=\"\">Con su fallecimiento, no s\u00f3lo se ha perdido a un entusiasta de la cooperaci\u00f3n cient\u00edfica, sino tambi\u00e9n una persona de fina inteligencia, a un gran amigo de sus amigos y a alguien que supo disfrutar de todas las oportunidades que la vida le ofreci\u00f3. En la AECID, siempre se recuerda el d\u00eda que pidi\u00f3 que le enviaran de cada pa\u00eds americano, de Norte a Sur, una foto de la luna realizada a la misma hora para contemplar las diferencias. Despu\u00e9s hizo un montaje fotogr\u00e1fico para que todos los colaboradores y amigos conservasen y disfrutasen aquel experimento. As\u00ed era Sebasti\u00e1n, puro disfrute de la experimentaci\u00f3n, de la amistad y de compartir amistades y experimentos.<\/p>\n<p class=\"\">Lo queremos recordar as\u00ed, en una cualquiera de tantas ocasiones en las que ese hombre disfrutador y amiguero fue feliz.<\/p>\n<p>&nbsp;<\/p>\n<hr \/>\n<p><strong>Javier L\u00f3pez Facal\u00a0<\/strong>fue vicepresidente del Consejo Superior de Investigaciones Cient\u00edficas.<br \/>\n<strong>Manuel de la Iglesia Caruncho<\/strong>\u00a0fue jefe de Gabinete de la Secretar\u00eda de Estado de Cooperaci\u00f3n Internacional.<\/p>\n<p><a href=\"https:\/\/elpais.com\/ciencia\/2026-05-01\/jesus-sebastian-audina-un-impulsor-de-la-colaboracion-cientifica-con-latinoamerica.html\" target=\"_blank\" rel=\"noopener\">Enlace a la nota en el diario El Pa\u00eds.<\/a><\/p>\n<p>&nbsp;<\/p>\n<p><img loading=\"lazy\" decoding=\"async\" class=\"\" src=\"http:\/\/www.centroredes.org.ar\/wp-content\/uploads\/2019\/09\/logo.png\" alt=\"\" width=\"302\" height=\"101\" \/><\/p>\n","protected":false},"excerpt":{"rendered":"<p>Con profundo pesar, la Asociaci\u00f3n Civil Grupo REDES despide a Jes\u00fas Sebasti\u00e1n Audina, socio fundador y pilar fundamental de nuestra &hellip; <\/p>\n","protected":false},"author":2,"featured_media":11582,"comment_status":"closed","ping_status":"open","sticky":false,"template":"","format":"standard","meta":{"_acf_changed":false,"_uag_custom_page_level_css":"","footnotes":""},"categories":[20,84],"tags":[],"class_list":["post-11574","post","type-post","status-publish","format-standard","has-post-thumbnail","hentry","category-novedades","category-novedades-home"],"acf":[],"uagb_featured_image_src":{"full":["https:\/\/centroredes.org.ar\/wp-content\/uploads\/2026\/05\/Jesus-Sebastian-Centro-REDES-c.jpg",998,993,false],"thumbnail":["https:\/\/centroredes.org.ar\/wp-content\/uploads\/2026\/05\/Jesus-Sebastian-Centro-REDES-c-150x150.jpg",150,150,true],"medium":["https:\/\/centroredes.org.ar\/wp-content\/uploads\/2026\/05\/Jesus-Sebastian-Centro-REDES-c-300x298.jpg",300,298,true],"medium_large":["https:\/\/centroredes.org.ar\/wp-content\/uploads\/2026\/05\/Jesus-Sebastian-Centro-REDES-c-768x764.jpg",750,746,true],"large":["https:\/\/centroredes.org.ar\/wp-content\/uploads\/2026\/05\/Jesus-Sebastian-Centro-REDES-c.jpg",750,746,false],"tf-client-image-size":["https:\/\/centroredes.org.ar\/wp-content\/uploads\/2026\/05\/Jesus-Sebastian-Centro-REDES-c-120x120.jpg",120,120,true],"1536x1536":["https:\/\/centroredes.org.ar\/wp-content\/uploads\/2026\/05\/Jesus-Sebastian-Centro-REDES-c.jpg",998,993,false],"2048x2048":["https:\/\/centroredes.org.ar\/wp-content\/uploads\/2026\/05\/Jesus-Sebastian-Centro-REDES-c.jpg",998,993,false],"trp-custom-language-flag":["https:\/\/centroredes.org.ar\/wp-content\/uploads\/2026\/05\/Jesus-Sebastian-Centro-REDES-c-12x12.jpg",12,12,true],"widget-thumbnail":["https:\/\/centroredes.org.ar\/wp-content\/uploads\/2026\/05\/Jesus-Sebastian-Centro-REDES-c-75x75.jpg",75,75,true],"education-zone-banner":["https:\/\/centroredes.org.ar\/wp-content\/uploads\/2026\/05\/Jesus-Sebastian-Centro-REDES-c-998x692.jpg",998,692,true],"education-zone-image-full":["https:\/\/centroredes.org.ar\/wp-content\/uploads\/2026\/05\/Jesus-Sebastian-Centro-REDES-c-998x458.jpg",998,458,true],"education-zone-image":["https:\/\/centroredes.org.ar\/wp-content\/uploads\/2026\/05\/Jesus-Sebastian-Centro-REDES-c-750x458.jpg",750,458,true],"education-zone-recent-post":["https:\/\/centroredes.org.ar\/wp-content\/uploads\/2026\/05\/Jesus-Sebastian-Centro-REDES-c-70x70.jpg",70,70,true],"education-zone-search-result":["https:\/\/centroredes.org.ar\/wp-content\/uploads\/2026\/05\/Jesus-Sebastian-Centro-REDES-c-246x246.jpg",246,246,true],"education-zone-featured-course":["https:\/\/centroredes.org.ar\/wp-content\/uploads\/2026\/05\/Jesus-Sebastian-Centro-REDES-c-276x276.jpg",276,276,true],"education-zone-testimonial":["https:\/\/centroredes.org.ar\/wp-content\/uploads\/2026\/05\/Jesus-Sebastian-Centro-REDES-c-125x125.jpg",125,125,true],"education-zone-blog-full":["https:\/\/centroredes.org.ar\/wp-content\/uploads\/2026\/05\/Jesus-Sebastian-Centro-REDES-c-848x480.jpg",848,480,true],"sow-carousel-default":["https:\/\/centroredes.org.ar\/wp-content\/uploads\/2026\/05\/Jesus-Sebastian-Centro-REDES-c-272x182.jpg",272,182,true]},"uagb_author_info":{"display_name":"Jorge Atrio","author_link":"https:\/\/centroredes.org.ar\/index.php\/author\/centro-redes\/"},"uagb_comment_info":0,"uagb_excerpt":"Con profundo pesar, la Asociaci\u00f3n Civil Grupo REDES despide a Jes\u00fas Sebasti\u00e1n Audina, socio fundador y pilar fundamental de nuestra &hellip;","rttpg_featured_image_url":{"full":["https:\/\/centroredes.org.ar\/wp-content\/uploads\/2026\/05\/Jesus-Sebastian-Centro-REDES-c.jpg",998,993,false],"landscape":["https:\/\/centroredes.org.ar\/wp-content\/uploads\/2026\/05\/Jesus-Sebastian-Centro-REDES-c.jpg",998,993,false],"portraits":["https:\/\/centroredes.org.ar\/wp-content\/uploads\/2026\/05\/Jesus-Sebastian-Centro-REDES-c.jpg",998,993,false],"thumbnail":["https:\/\/centroredes.org.ar\/wp-content\/uploads\/2026\/05\/Jesus-Sebastian-Centro-REDES-c-150x150.jpg",150,150,true],"medium":["https:\/\/centroredes.org.ar\/wp-content\/uploads\/2026\/05\/Jesus-Sebastian-Centro-REDES-c-300x298.jpg",300,298,true],"large":["https:\/\/centroredes.org.ar\/wp-content\/uploads\/2026\/05\/Jesus-Sebastian-Centro-REDES-c.jpg",750,746,false],"tf-client-image-size":["https:\/\/centroredes.org.ar\/wp-content\/uploads\/2026\/05\/Jesus-Sebastian-Centro-REDES-c-120x120.jpg",120,120,true],"1536x1536":["https:\/\/centroredes.org.ar\/wp-content\/uploads\/2026\/05\/Jesus-Sebastian-Centro-REDES-c.jpg",998,993,false],"2048x2048":["https:\/\/centroredes.org.ar\/wp-content\/uploads\/2026\/05\/Jesus-Sebastian-Centro-REDES-c.jpg",998,993,false],"trp-custom-language-flag":["https:\/\/centroredes.org.ar\/wp-content\/uploads\/2026\/05\/Jesus-Sebastian-Centro-REDES-c-12x12.jpg",12,12,true],"widget-thumbnail":["https:\/\/centroredes.org.ar\/wp-content\/uploads\/2026\/05\/Jesus-Sebastian-Centro-REDES-c-75x75.jpg",75,75,true],"education-zone-banner":["https:\/\/centroredes.org.ar\/wp-content\/uploads\/2026\/05\/Jesus-Sebastian-Centro-REDES-c-998x692.jpg",998,692,true],"education-zone-image-full":["https:\/\/centroredes.org.ar\/wp-content\/uploads\/2026\/05\/Jesus-Sebastian-Centro-REDES-c-998x458.jpg",998,458,true],"education-zone-image":["https:\/\/centroredes.org.ar\/wp-content\/uploads\/2026\/05\/Jesus-Sebastian-Centro-REDES-c-750x458.jpg",750,458,true],"education-zone-recent-post":["https:\/\/centroredes.org.ar\/wp-content\/uploads\/2026\/05\/Jesus-Sebastian-Centro-REDES-c-70x70.jpg",70,70,true],"education-zone-search-result":["https:\/\/centroredes.org.ar\/wp-content\/uploads\/2026\/05\/Jesus-Sebastian-Centro-REDES-c-246x246.jpg",246,246,true],"education-zone-featured-course":["https:\/\/centroredes.org.ar\/wp-content\/uploads\/2026\/05\/Jesus-Sebastian-Centro-REDES-c-276x276.jpg",276,276,true],"education-zone-testimonial":["https:\/\/centroredes.org.ar\/wp-content\/uploads\/2026\/05\/Jesus-Sebastian-Centro-REDES-c-125x125.jpg",125,125,true],"education-zone-blog-full":["https:\/\/centroredes.org.ar\/wp-content\/uploads\/2026\/05\/Jesus-Sebastian-Centro-REDES-c-848x480.jpg",848,480,true],"sow-carousel-default":["https:\/\/centroredes.org.ar\/wp-content\/uploads\/2026\/05\/Jesus-Sebastian-Centro-REDES-c-272x182.jpg",272,182,true]},"rttpg_author":{"display_name":"Jorge Atrio","author_link":"https:\/\/centroredes.org.ar\/index.php\/author\/centro-redes\/"},"rttpg_comment":0,"rttpg_category":"<a href=\"https:\/\/centroredes.org.ar\/index.php\/category\/novedades\/\" rel=\"category tag\">NOVEDADES<\/a> <a href=\"https:\/\/centroredes.org.ar\/index.php\/category\/novedades-home\/\" rel=\"category tag\">novedades home<\/a>","rttpg_excerpt":"Con profundo pesar, la Asociaci\u00f3n Civil Grupo REDES despide a Jes\u00fas Sebasti\u00e1n Audina, socio fundador y pilar fundamental de nuestra &hellip;","_links":{"self":[{"href":"https:\/\/centroredes.org.ar\/index.php\/wp-json\/wp\/v2\/posts\/11574","targetHints":{"allow":["GET"]}}],"collection":[{"href":"https:\/\/centroredes.org.ar\/index.php\/wp-json\/wp\/v2\/posts"}],"about":[{"href":"https:\/\/centroredes.org.ar\/index.php\/wp-json\/wp\/v2\/types\/post"}],"author":[{"embeddable":true,"href":"https:\/\/centroredes.org.ar\/index.php\/wp-json\/wp\/v2\/users\/2"}],"replies":[{"embeddable":true,"href":"https:\/\/centroredes.org.ar\/index.php\/wp-json\/wp\/v2\/comments?post=11574"}],"version-history":[{"count":8,"href":"https:\/\/centroredes.org.ar\/index.php\/wp-json\/wp\/v2\/posts\/11574\/revisions"}],"predecessor-version":[{"id":11580,"href":"https:\/\/centroredes.org.ar\/index.php\/wp-json\/wp\/v2\/posts\/11574\/revisions\/11580"}],"wp:featuredmedia":[{"embeddable":true,"href":"https:\/\/centroredes.org.ar\/index.php\/wp-json\/wp\/v2\/media\/11582"}],"wp:attachment":[{"href":"https:\/\/centroredes.org.ar\/index.php\/wp-json\/wp\/v2\/media?parent=11574"}],"wp:term":[{"taxonomy":"category","embeddable":true,"href":"https:\/\/centroredes.org.ar\/index.php\/wp-json\/wp\/v2\/categories?post=11574"},{"taxonomy":"post_tag","embeddable":true,"href":"https:\/\/centroredes.org.ar\/index.php\/wp-json\/wp\/v2\/tags?post=11574"}],"curies":[{"name":"wp","href":"https:\/\/api.w.org\/{rel}","templated":true}]}}